{"id":117541,"date":"2018-09-03T16:36:59","date_gmt":"2018-09-03T19:36:59","guid":{"rendered":"https:\/\/diarioregionaldigital.com.br\/?p=117541"},"modified":"2018-09-03T16:42:15","modified_gmt":"2018-09-03T19:42:15","slug":"prefeitura-de-tocantins-no063-02-09-18","status":"publish","type":"post","link":"https:\/\/diarioregionaldigital.com.br\/?p=117541","title":{"rendered":"Prefeitura Municipal de Tocantins n\u00ba063 02\/09\/18"},"content":{"rendered":"<p style=\"text-align: center;\"><strong>AVISO DE LICITA\u00c7\u00c3O<\/strong><\/p>\n<p style=\"text-align: center;\"><strong>\u00a0<\/strong><strong>Licita\u00e7\u00e3o n\u00b0 084\/2018<\/strong><\/p>\n<p style=\"text-align: center;\"><strong>Modalidade de Preg\u00e3o Presencial n\u00b0 063\/2018<\/strong><\/p>\n<p style=\"text-align: center;\">O Munic\u00edpio de TOCANTINS, na forma da lei, faz saber a todos os interessados que far\u00e1 licita\u00e7\u00e3o na modalidade de preg\u00e3o presencial para registro de pre\u00e7os para\u00a0presta\u00e7\u00e3o de servi\u00e7os de manuten\u00e7\u00e3o preventiva e corretiva nas\u00a0<strong>motocicletas<\/strong>\u00a0pertencentes \u00e0 frota do Munic\u00edpio de Tocantins, incluindo o fornecimento de pe\u00e7as e acess\u00f3rios genu\u00ednos e originais da marca da motocicleta, compreendendo os servi\u00e7os de reparos mec\u00e2nicos em geral, el\u00e9tricos, alinhamento e balanceamento, estofamento, funilaria, lanternagem, pintura,\u00a0\u00a0estofamento, tornearia, sistema de molas, c\u00e2mbio, soldas, escapamentos, radiadores, suspens\u00e3o, sistema de freios, bem como, ret\u00edfica de motores e bomba e outros servi\u00e7os afins necess\u00e1rios ao completo e perfeito funcionamento,\u00a0no dia 17\/09\/2018 \u00e0s 09:00 horas na sala da comiss\u00e3o de licita\u00e7\u00e3o, localizada na Av. Padre Mac\u00e1rio, n\u00b0 129, bairro Centro, munic\u00edpio de TOCANTINS. O edital completo encontra-se a disposi\u00e7\u00e3o dos interessados no endere\u00e7o citado anteriormente, no hor\u00e1rio de expediente de 08:00 as 11:00 horas e 13:00 as 16:00 horas. TOCANTINS, 31 de SETEMBRO de 2018.<\/p>\n<p style=\"text-align: center;\"><strong> JANSEN PASCHOALINO ROCHA\u00a0\u00a0\u2013 PREGOEIRO<\/strong><\/p>\n","protected":false},"excerpt":{"rendered":"<p>AVISO DE LICITA\u00c7\u00c3O \u00a0Licita\u00e7\u00e3o n\u00b0 084\/2018 Modalidade de Preg\u00e3o Presencial n\u00b0 063\/2018 O Munic\u00edpio de TOCANTINS, na forma da lei, faz saber a todos os interessados que far\u00e1 licita\u00e7\u00e3o na modalidade de preg\u00e3o presencial para registro de pre\u00e7os para\u00a0presta\u00e7\u00e3o de servi\u00e7os de manuten\u00e7\u00e3o preventiva e corretiva nas\u00a0motocicletas\u00a0pertencentes \u00e0 frota do Munic\u00edpio de Tocantins, incluindo o [&hellip;]<\/p>\n","protected":false},"author":96,"featured_media":0,"comment_status":"closed","ping_status":"closed","sticky":false,"template":"","format":"standard","meta":{"footnotes":""},"categories":[307],"tags":[],"class_list":["post-117541","post","type-post","status-publish","format-standard","hentry","category-editais"],"_links":{"self":[{"href":"https:\/\/diarioregionaldigital.com.br\/index.php?rest_route=\/wp\/v2\/posts\/117541","targetHints":{"allow":["GET"]}}],"collection":[{"href":"https:\/\/diarioregionaldigital.com.br\/index.php?rest_route=\/wp\/v2\/posts"}],"about":[{"href":"https:\/\/diarioregionaldigital.com.br\/index.php?rest_route=\/wp\/v2\/types\/post"}],"author":[{"embeddable":true,"href":"https:\/\/diarioregionaldigital.com.br\/index.php?rest_route=\/wp\/v2\/users\/96"}],"replies":[{"embeddable":true,"href":"https:\/\/diarioregionaldigital.com.br\/index.php?rest_route=%2Fwp%2Fv2%2Fcomments&post=117541"}],"version-history":[{"count":0,"href":"https:\/\/diarioregionaldigital.com.br\/index.php?rest_route=\/wp\/v2\/posts\/117541\/revisions"}],"wp:attachment":[{"href":"https:\/\/diarioregionaldigital.com.br\/index.php?rest_route=%2Fwp%2Fv2%2Fmedia&parent=117541"}],"wp:term":[{"taxonomy":"category","embeddable":true,"href":"https:\/\/diarioregionaldigital.com.br\/index.php?rest_route=%2Fwp%2Fv2%2Fcategories&post=117541"},{"taxonomy":"post_tag","embeddable":true,"href":"https:\/\/diarioregionaldigital.com.br\/index.php?rest_route=%2Fwp%2Fv2%2Ftags&post=117541"}],"curies":[{"name":"wp","href":"https:\/\/api.w.org\/{rel}","templated":true}]}}