{"id":117538,"date":"2018-09-03T16:33:25","date_gmt":"2018-09-03T19:33:25","guid":{"rendered":"https:\/\/diarioregionaldigital.com.br\/?p=117538"},"modified":"2018-09-03T16:42:05","modified_gmt":"2018-09-03T19:42:05","slug":"prefeitura-de-tocantins-02-09-18","status":"publish","type":"post","link":"https:\/\/diarioregionaldigital.com.br\/?p=117538","title":{"rendered":"Prefeitura Municipal de Tocantins n\u00ba083 02\/09\/18"},"content":{"rendered":"<p style=\"text-align: center;\"><strong>AVISO DE LICITA\u00c7\u00c3O<\/strong><br \/>\n<strong>\u00a0<\/strong><br \/>\n<strong>Licita\u00e7\u00e3o n\u00b0 083\/2018<\/strong><br \/>\n<strong>Modalidade de Preg\u00e3o Presencial n\u00b0 062\/2018<\/strong><br \/>\nO Munic\u00edpio de Tocantins atrav\u00e9s das Secretarias Municipais, na forma da lei, faz saber a todos os interessados que far\u00e1 licita\u00e7\u00e3o na modalidade de preg\u00e3o presencial para\u00a0o para o fornecimento de g\u00eaneros aliment\u00edcios em forma de marmitex para trabalhadores deslocados que dificultem ou impe\u00e7am a locomo\u00e7\u00e3o para suas respectivas resid\u00eancias, pelo sistema de registro de pre\u00e7os,\u00a0no dia 14\/09\/2018 \u00e0s 08:00 horas na sala da de licita\u00e7\u00f5es, localizada na Av. Padre Mac\u00e1rio, n\u00b0 129, bairro Centro, Munic\u00edpio de TOCANTINS. O edital completo encontra-se a disposi\u00e7\u00e3o dos interessados no endere\u00e7o citado anteriormente, no hor\u00e1rio de expediente de 08:00 \u00e0s 11:00 horas e das 13:00 as 16:00 horas. TOCANTINS, 31 de agosto 2018. <strong>JANSEN PASCHOALINO ROCHA- PREGOEIRO<\/strong><\/p>\n","protected":false},"excerpt":{"rendered":"<p>AVISO DE LICITA\u00c7\u00c3O \u00a0 Licita\u00e7\u00e3o n\u00b0 083\/2018 Modalidade de Preg\u00e3o Presencial n\u00b0 062\/2018 O Munic\u00edpio de Tocantins atrav\u00e9s das Secretarias Municipais, na forma da lei, faz saber a todos os interessados que far\u00e1 licita\u00e7\u00e3o na modalidade de preg\u00e3o presencial para\u00a0o para o fornecimento de g\u00eaneros aliment\u00edcios em forma de marmitex para trabalhadores deslocados que dificultem [&hellip;]<\/p>\n","protected":false},"author":96,"featured_media":0,"comment_status":"closed","ping_status":"closed","sticky":false,"template":"","format":"standard","meta":{"footnotes":""},"categories":[307],"tags":[],"class_list":["post-117538","post","type-post","status-publish","format-standard","hentry","category-editais"],"_links":{"self":[{"href":"https:\/\/diarioregionaldigital.com.br\/index.php?rest_route=\/wp\/v2\/posts\/117538","targetHints":{"allow":["GET"]}}],"collection":[{"href":"https:\/\/diarioregionaldigital.com.br\/index.php?rest_route=\/wp\/v2\/posts"}],"about":[{"href":"https:\/\/diarioregionaldigital.com.br\/index.php?rest_route=\/wp\/v2\/types\/post"}],"author":[{"embeddable":true,"href":"https:\/\/diarioregionaldigital.com.br\/index.php?rest_route=\/wp\/v2\/users\/96"}],"replies":[{"embeddable":true,"href":"https:\/\/diarioregionaldigital.com.br\/index.php?rest_route=%2Fwp%2Fv2%2Fcomments&post=117538"}],"version-history":[{"count":0,"href":"https:\/\/diarioregionaldigital.com.br\/index.php?rest_route=\/wp\/v2\/posts\/117538\/revisions"}],"wp:attachment":[{"href":"https:\/\/diarioregionaldigital.com.br\/index.php?rest_route=%2Fwp%2Fv2%2Fmedia&parent=117538"}],"wp:term":[{"taxonomy":"category","embeddable":true,"href":"https:\/\/diarioregionaldigital.com.br\/index.php?rest_route=%2Fwp%2Fv2%2Fcategories&post=117538"},{"taxonomy":"post_tag","embeddable":true,"href":"https:\/\/diarioregionaldigital.com.br\/index.php?rest_route=%2Fwp%2Fv2%2Ftags&post=117538"}],"curies":[{"name":"wp","href":"https:\/\/api.w.org\/{rel}","templated":true}]}}