{"id":117536,"date":"2018-09-03T16:30:39","date_gmt":"2018-09-03T19:30:39","guid":{"rendered":"https:\/\/diarioregionaldigital.com.br\/?p=117536"},"modified":"2018-09-03T16:38:58","modified_gmt":"2018-09-03T19:38:58","slug":"prefeitura-municipal-de-tocantins-02-09-18","status":"publish","type":"post","link":"https:\/\/diarioregionaldigital.com.br\/?p=117536","title":{"rendered":"Prefeitura Municipal de Tocantins n\u00ba006 02\/09\/18"},"content":{"rendered":"<p style=\"text-align: center;\"><strong>PREFEITURA MUNICIPAL DE TOCANTINS MG<\/strong><br \/>\n<strong>INEXIBILIDADE DE LICITA\u00c7\u00c3O N\u00ba 006\/2018<\/strong><br \/>\n<strong>PROCESSO LICITAT\u00d3RIO N\u00ba 006\/2018<\/strong><br \/>\nFoi verificado pela Comiss\u00e3o, o encaminhamento de documenta\u00e7\u00e3o de habilita\u00e7\u00e3o de: SIMONE APARECIDA DE FARIA CARDOSO, inscrita no CPF: 069.049.606-04, a qual foi devidamente credenciada para o SERVI\u00c7OS DE T\u00c9CNICO ENFERMAGEM. A Comiss\u00e3o passou a analisar o envelope contendo a documenta\u00e7\u00e3o de habilita\u00e7\u00e3o, sendo que a profissional SIMONE APARECIDA DE FARIA CARDOSO, inscrita no CPF: 069.049.606-04 foi declarada habilitada por preencher todos os requisitos do edital. Fica aberto o prazo recursal de 5 (cinco) dias \u00fateis para interposi\u00e7\u00e3o de recursos.<\/p>\n<p style=\"text-align: center;\"><strong>Tocantins (MG), 24 de agosto de 2018.\u00a0\u00a0<\/strong><\/p>\n","protected":false},"excerpt":{"rendered":"<p>PREFEITURA MUNICIPAL DE TOCANTINS MG INEXIBILIDADE DE LICITA\u00c7\u00c3O N\u00ba 006\/2018 PROCESSO LICITAT\u00d3RIO N\u00ba 006\/2018 Foi verificado pela Comiss\u00e3o, o encaminhamento de documenta\u00e7\u00e3o de habilita\u00e7\u00e3o de: SIMONE APARECIDA DE FARIA CARDOSO, inscrita no CPF: 069.049.606-04, a qual foi devidamente credenciada para o SERVI\u00c7OS DE T\u00c9CNICO ENFERMAGEM. A Comiss\u00e3o passou a analisar o envelope contendo a documenta\u00e7\u00e3o [&hellip;]<\/p>\n","protected":false},"author":96,"featured_media":0,"comment_status":"closed","ping_status":"closed","sticky":false,"template":"","format":"standard","meta":{"footnotes":""},"categories":[307],"tags":[],"class_list":["post-117536","post","type-post","status-publish","format-standard","hentry","category-editais"],"_links":{"self":[{"href":"https:\/\/diarioregionaldigital.com.br\/index.php?rest_route=\/wp\/v2\/posts\/117536","targetHints":{"allow":["GET"]}}],"collection":[{"href":"https:\/\/diarioregionaldigital.com.br\/index.php?rest_route=\/wp\/v2\/posts"}],"about":[{"href":"https:\/\/diarioregionaldigital.com.br\/index.php?rest_route=\/wp\/v2\/types\/post"}],"author":[{"embeddable":true,"href":"https:\/\/diarioregionaldigital.com.br\/index.php?rest_route=\/wp\/v2\/users\/96"}],"replies":[{"embeddable":true,"href":"https:\/\/diarioregionaldigital.com.br\/index.php?rest_route=%2Fwp%2Fv2%2Fcomments&post=117536"}],"version-history":[{"count":0,"href":"https:\/\/diarioregionaldigital.com.br\/index.php?rest_route=\/wp\/v2\/posts\/117536\/revisions"}],"wp:attachment":[{"href":"https:\/\/diarioregionaldigital.com.br\/index.php?rest_route=%2Fwp%2Fv2%2Fmedia&parent=117536"}],"wp:term":[{"taxonomy":"category","embeddable":true,"href":"https:\/\/diarioregionaldigital.com.br\/index.php?rest_route=%2Fwp%2Fv2%2Fcategories&post=117536"},{"taxonomy":"post_tag","embeddable":true,"href":"https:\/\/diarioregionaldigital.com.br\/index.php?rest_route=%2Fwp%2Fv2%2Ftags&post=117536"}],"curies":[{"name":"wp","href":"https:\/\/api.w.org\/{rel}","templated":true}]}}