{"id":117532,"date":"2018-09-03T16:22:08","date_gmt":"2018-09-03T19:22:08","guid":{"rendered":"https:\/\/diarioregionaldigital.com.br\/?p=117532"},"modified":"2018-09-03T16:22:08","modified_gmt":"2018-09-03T19:22:08","slug":"funcionarios-entram-no-museu-nacional-em-busca-de-pecas-do-acervo","status":"publish","type":"post","link":"https:\/\/diarioregionaldigital.com.br\/?p=117532","title":{"rendered":"Funcion\u00e1rios entram no Museu Nacional em busca de pe\u00e7as do acervo"},"content":{"rendered":"<p>Um grupo de aproximadamente 15 funcion\u00e1rios do Museu Nacional entrou no pr\u00e9dio, \u00e0s 15h dessa segunda-feira, 3, em busca de objetos e pe\u00e7as do acervo que possam ter escapado \u00e0s chamas. Eles entraram pela porta principal, acompanhados por soldados do Corpo de Bombeiros.<\/p>\n<p>Os funcion\u00e1rios removem cuidadosamente restos de escombros, como peda\u00e7os de madeiras, telhas e mesmo vigas met\u00e1licas, na esperan\u00e7a de encontrar algum objeto de valor hist\u00f3rico. Normalmente, o trabalho de rescaldo \u00e9 feito apenas pelos bombeiros, mas como se tratam de pe\u00e7as antigas, \u00e9 necess\u00e1rio acompanhamento dos especialistas, para distinguir um simples resto de escombro de um artigo valioso.<\/p>\n<p>Munidos com martelos, p\u00e1s e enxadas e usando apenas capacete, sem luvas, os funcion\u00e1rios trazem para fora as pe\u00e7as que encontram, colocando as menores dentro de caixas pl\u00e1sticas. Algumas rochas da Cole\u00e7\u00e3o Werner, que ficavam pr\u00f3ximas \u00e0 sa\u00edda, foram retiradas, inclusive rochas pesadas, carregadas nos ombros.<\/p>\n<div class=\"dnd-widget-wrapper context-cheio_8colunas type-gallery\">\n<div class=\"dnd-atom-rendered\">\n<div class=\"scald-gallery scald-gallery-122057\">\n<div class=\"galleria-container notouch galleria-theme-azur\">\n<div class=\"galleria-stage\">\n<div class=\"galleria-info toggler open\">\n<div class=\"galleria-info-text\"><\/div>\n<\/div>\n<div class=\"galleria-image-nav\">\n<div class=\"galleria-image-nav-left\"><span style=\"color: #565656; font-size: 15px; line-height: 1.5;\">Uma das primeiras pe\u00e7as retiradas foi um grande quadro, ainda emoldurado, carregado por quatro funcion\u00e1rios. O trabalho \u00e9 lento e minucioso, pois muitas pe\u00e7as\u00a0ainda podem estar em condi\u00e7\u00f5es de recupera\u00e7\u00e3o, abaixo de toneladas de madeiras queimadas e telhas de barro. Os tr\u00eas andares do museu desabaram um por cima do outro\u00a0at\u00e9 o ch\u00e3o.<\/span><\/div>\n<\/div>\n<\/div>\n<\/div>\n<\/div>\n<\/div>\n<\/div>\n<p>Apenas bombeiros e funcion\u00e1rios do museu podem ingressar dentro do pr\u00e9dio. Os jornalistas e demais pessoas ficam a cerca de 20 metros de dist\u00e2ncia, por quest\u00e3o de seguran\u00e7a. Entre as pe\u00e7as mais raras, est\u00e3o as m\u00famias eg\u00edpcias, compradas pelo Brasil por Dom Pedro I, e o cr\u00e2nio de Luzia, o mais antigo f\u00f3ssil humano encontrado no pa\u00eds, com cerca de 12 mil anos.<\/p>\n<p>A busca dos funcion\u00e1rios, entretanto, durou apenas 15 minutos. Agentes da Pol\u00edcia Federal pediram para eles se retirassem para dar in\u00edcio \u00e0s investiga\u00e7\u00f5es sobre as causas do inc\u00eandio.<\/p>\n<p>Fonte: Ag\u00eancia Brasil<\/p>\n","protected":false},"excerpt":{"rendered":"<p>Um grupo de aproximadamente 15 funcion\u00e1rios do Museu Nacional entrou no pr\u00e9dio, \u00e0s 15h dessa segunda-feira, 3, em busca de objetos e pe\u00e7as do acervo que possam ter escapado \u00e0s chamas. Eles entraram pela porta principal, acompanhados por soldados do Corpo de Bombeiros. Os funcion\u00e1rios removem cuidadosamente restos de escombros, como peda\u00e7os de madeiras, telhas [&hellip;]<\/p>\n","protected":false},"author":96,"featured_media":117534,"comment_status":"closed","ping_status":"closed","sticky":false,"template":"","format":"standard","meta":{"footnotes":""},"categories":[302,436,439],"tags":[],"class_list":["post-117532","post","type-post","status-publish","format-standard","has-post-thumbnail","hentry","category-brasil-mundo","category-destaque-da-semana","category-ultima-hora"],"_links":{"self":[{"href":"https:\/\/diarioregionaldigital.com.br\/index.php?rest_route=\/wp\/v2\/posts\/117532","targetHints":{"allow":["GET"]}}],"collection":[{"href":"https:\/\/diarioregionaldigital.com.br\/index.php?rest_route=\/wp\/v2\/posts"}],"about":[{"href":"https:\/\/diarioregionaldigital.com.br\/index.php?rest_route=\/wp\/v2\/types\/post"}],"author":[{"embeddable":true,"href":"https:\/\/diarioregionaldigital.com.br\/index.php?rest_route=\/wp\/v2\/users\/96"}],"replies":[{"embeddable":true,"href":"https:\/\/diarioregionaldigital.com.br\/index.php?rest_route=%2Fwp%2Fv2%2Fcomments&post=117532"}],"version-history":[{"count":0,"href":"https:\/\/diarioregionaldigital.com.br\/index.php?rest_route=\/wp\/v2\/posts\/117532\/revisions"}],"wp:featuredmedia":[{"embeddable":true,"href":"https:\/\/diarioregionaldigital.com.br\/index.php?rest_route=\/wp\/v2\/media\/117534"}],"wp:attachment":[{"href":"https:\/\/diarioregionaldigital.com.br\/index.php?rest_route=%2Fwp%2Fv2%2Fmedia&parent=117532"}],"wp:term":[{"taxonomy":"category","embeddable":true,"href":"https:\/\/diarioregionaldigital.com.br\/index.php?rest_route=%2Fwp%2Fv2%2Fcategories&post=117532"},{"taxonomy":"post_tag","embeddable":true,"href":"https:\/\/diarioregionaldigital.com.br\/index.php?rest_route=%2Fwp%2Fv2%2Ftags&post=117532"}],"curies":[{"name":"wp","href":"https:\/\/api.w.org\/{rel}","templated":true}]}}