{"id":117529,"date":"2018-09-03T16:10:40","date_gmt":"2018-09-03T19:10:40","guid":{"rendered":"https:\/\/diarioregionaldigital.com.br\/?p=117529"},"modified":"2018-09-04T08:12:27","modified_gmt":"2018-09-04T11:12:27","slug":"vacinacao-contra-polio-e-sarampo-vai-ate-sexta-feira-dia-14","status":"publish","type":"post","link":"https:\/\/diarioregionaldigital.com.br\/?p=117529","title":{"rendered":"Vacina\u00e7\u00e3o contra p\u00f3lio e sarampo \u00e9 prolongada"},"content":{"rendered":"<p>A procura nos postos de vacina\u00e7\u00e3o aumentou, mas continua abaixo do esperado, na \u00faltima semana da Campanha Nacional de Vacina\u00e7\u00e3o contra Sarampo e Poliomielite. De acordo com balan\u00e7o do Setor de Imuniza\u00e7\u00e3o do Departamento de Vigil\u00e2ncia Epidemiol\u00f3gica e Ambiental (DVEA) da Secretaria de Sa\u00fade (SS), a cobertura vacinal chegou a 84% no s\u00e1bado, 1\u00ba, quando 120 crian\u00e7as foram imunizadas no PAM-Marechal, abaixo dos 95% preconizados para garantir uma cobertura segura. Portanto, os pais e respons\u00e1veis t\u00eam at\u00e9 sexta-feira, 14, para imunizar crian\u00e7as com idade entre 1 ano e menores de 5 anos.<\/p>\n<p>O primeiro caso suspeito de sarampo registrado na cidade ilustra a import\u00e2ncia da vacina\u00e7\u00e3o como medida de sa\u00fade coletiva, que tem como objetivo proteger n\u00e3o s\u00f3 aqueles que podem tomar a vacina, mas tamb\u00e9m aqueles que ainda n\u00e3o podem ser imunizados, como as crian\u00e7as menores de 1 ano, e outros para os quais a vacina do sarampo \u00e9 contraindicada, como pessoas imunodeprimidas, cujo sistema imunol\u00f3gico esteja enfraquecido ou apresente diagn\u00f3stico cl\u00ednico ou laboratorial de imunodefici\u00eancias graves cong\u00eanitas ou adquiridas, infectadas pelo HIV e com taxas de CD4 (c\u00e9lulas do sistema imunol\u00f3gico) menor que 15%, gestantes e pessoas com alergia grave aos componentes da f\u00f3rmula. Nestes \u00faltimos casos, a prote\u00e7\u00e3o est\u00e1 na conscientiza\u00e7\u00e3o do outro, que, estando imunizado, reduzir\u00e1 o risco de que a doen\u00e7a chegue a eles.<\/p>\n<p>As doses continuam dispon\u00edveis nas 63 unidades b\u00e1sicas de Sa\u00fade (UBSs), no PAM-Marechal e Departamento de Sa\u00fade da Crian\u00e7a e do Adolescente (DSCA).<\/p>\n<p>&nbsp;<\/p>\n<p>Fonte: Assessoria PJF<\/p>\n","protected":false},"excerpt":{"rendered":"<p>A procura nos postos de vacina\u00e7\u00e3o aumentou, mas continua abaixo do esperado, na \u00faltima semana da Campanha Nacional de Vacina\u00e7\u00e3o contra Sarampo e Poliomielite. De acordo com balan\u00e7o do Setor de Imuniza\u00e7\u00e3o do Departamento de Vigil\u00e2ncia Epidemiol\u00f3gica e Ambiental (DVEA) da Secretaria de Sa\u00fade (SS), a cobertura vacinal chegou a 84% no s\u00e1bado, 1\u00ba, quando [&hellip;]<\/p>\n","protected":false},"author":96,"featured_media":112047,"comment_status":"closed","ping_status":"closed","sticky":false,"template":"","format":"standard","meta":{"footnotes":""},"categories":[253,440,439],"tags":[],"class_list":["post-117529","post","type-post","status-publish","format-standard","has-post-thumbnail","hentry","category-cidade","category-destaques-do-dia","category-ultima-hora"],"_links":{"self":[{"href":"https:\/\/diarioregionaldigital.com.br\/index.php?rest_route=\/wp\/v2\/posts\/117529","targetHints":{"allow":["GET"]}}],"collection":[{"href":"https:\/\/diarioregionaldigital.com.br\/index.php?rest_route=\/wp\/v2\/posts"}],"about":[{"href":"https:\/\/diarioregionaldigital.com.br\/index.php?rest_route=\/wp\/v2\/types\/post"}],"author":[{"embeddable":true,"href":"https:\/\/diarioregionaldigital.com.br\/index.php?rest_route=\/wp\/v2\/users\/96"}],"replies":[{"embeddable":true,"href":"https:\/\/diarioregionaldigital.com.br\/index.php?rest_route=%2Fwp%2Fv2%2Fcomments&post=117529"}],"version-history":[{"count":0,"href":"https:\/\/diarioregionaldigital.com.br\/index.php?rest_route=\/wp\/v2\/posts\/117529\/revisions"}],"wp:featuredmedia":[{"embeddable":true,"href":"https:\/\/diarioregionaldigital.com.br\/index.php?rest_route=\/wp\/v2\/media\/112047"}],"wp:attachment":[{"href":"https:\/\/diarioregionaldigital.com.br\/index.php?rest_route=%2Fwp%2Fv2%2Fmedia&parent=117529"}],"wp:term":[{"taxonomy":"category","embeddable":true,"href":"https:\/\/diarioregionaldigital.com.br\/index.php?rest_route=%2Fwp%2Fv2%2Fcategories&post=117529"},{"taxonomy":"post_tag","embeddable":true,"href":"https:\/\/diarioregionaldigital.com.br\/index.php?rest_route=%2Fwp%2Fv2%2Ftags&post=117529"}],"curies":[{"name":"wp","href":"https:\/\/api.w.org\/{rel}","templated":true}]}}