{"id":117522,"date":"2018-09-03T15:24:02","date_gmt":"2018-09-03T18:24:02","guid":{"rendered":"https:\/\/diarioregionaldigital.com.br\/?p=117522"},"modified":"2018-09-03T15:24:02","modified_gmt":"2018-09-03T18:24:02","slug":"bancos-integram-rede-de-apoio-para-reconstruir-museu-nacional","status":"publish","type":"post","link":"https:\/\/diarioregionaldigital.com.br\/?p=117522","title":{"rendered":"Bancos integram rede de apoio para reconstruir Museu Nacional"},"content":{"rendered":"<p>Em resposta ao inc\u00eandio que destruiu o Museu Nacional, no Rio de Janeiro, na noite desse domingo, 2, o presidente Michel Temer articulou nessa segunda-feira, 3, a cria\u00e7\u00e3o de uma rede de apoio econ\u00f4mico para viabilizar a reconstru\u00e7\u00e3o do museu.<\/p>\n<p>Formado inicialmente pela Febraban (Federa\u00e7\u00e3o Brasileira dos Bancos), Bradesco, Ita\u00fa, Santander, Banco do Brasil, Caixa Econ\u00f4mica Federal, Banco Nacional de Desenvolvimento Econ\u00f4mico e Social, Vale e Petrobras, o grupo deve se empenhar nesse objetivo \u201cno tempo mais breve poss\u00edvel\u201d, segundo nota divulgada pelo Pal\u00e1cio do Planalto.<\/p>\n<p>\u201cOutros participantes poder\u00e3o ser agregados durante a elabora\u00e7\u00e3o do projeto. Os minist\u00e9rios da Educa\u00e7\u00e3o e Cultura estudam mecanismos para que as empresas se associem na reconstru\u00e7\u00e3o do edif\u00edcio e na busca pela recomposi\u00e7\u00e3o do acervo destru\u00eddo ontem. Uma das primeiras alternativas \u00e9 usar a Lei Rouanet para financiar a iniciativa\u201d, diz o comunicado.<\/p>\n<p>Segundo a assessoria de imprensa do Pal\u00e1cio do Planalto, o presidente est\u00e1 cumprindo hoje agenda privada em S\u00e3o Paulo.<\/p>\n<p>&nbsp;<\/p>\n<p>Fonte: Ag\u00eancia Brasil<\/p>\n","protected":false},"excerpt":{"rendered":"<p>Em resposta ao inc\u00eandio que destruiu o Museu Nacional, no Rio de Janeiro, na noite desse domingo, 2, o presidente Michel Temer articulou nessa segunda-feira, 3, a cria\u00e7\u00e3o de uma rede de apoio econ\u00f4mico para viabilizar a reconstru\u00e7\u00e3o do museu. Formado inicialmente pela Febraban (Federa\u00e7\u00e3o Brasileira dos Bancos), Bradesco, Ita\u00fa, Santander, Banco do Brasil, Caixa [&hellip;]<\/p>\n","protected":false},"author":96,"featured_media":117523,"comment_status":"closed","ping_status":"closed","sticky":false,"template":"","format":"standard","meta":{"footnotes":""},"categories":[436,254,439],"tags":[],"class_list":["post-117522","post","type-post","status-publish","format-standard","has-post-thumbnail","hentry","category-destaque-da-semana","category-politica","category-ultima-hora"],"_links":{"self":[{"href":"https:\/\/diarioregionaldigital.com.br\/index.php?rest_route=\/wp\/v2\/posts\/117522","targetHints":{"allow":["GET"]}}],"collection":[{"href":"https:\/\/diarioregionaldigital.com.br\/index.php?rest_route=\/wp\/v2\/posts"}],"about":[{"href":"https:\/\/diarioregionaldigital.com.br\/index.php?rest_route=\/wp\/v2\/types\/post"}],"author":[{"embeddable":true,"href":"https:\/\/diarioregionaldigital.com.br\/index.php?rest_route=\/wp\/v2\/users\/96"}],"replies":[{"embeddable":true,"href":"https:\/\/diarioregionaldigital.com.br\/index.php?rest_route=%2Fwp%2Fv2%2Fcomments&post=117522"}],"version-history":[{"count":0,"href":"https:\/\/diarioregionaldigital.com.br\/index.php?rest_route=\/wp\/v2\/posts\/117522\/revisions"}],"wp:featuredmedia":[{"embeddable":true,"href":"https:\/\/diarioregionaldigital.com.br\/index.php?rest_route=\/wp\/v2\/media\/117523"}],"wp:attachment":[{"href":"https:\/\/diarioregionaldigital.com.br\/index.php?rest_route=%2Fwp%2Fv2%2Fmedia&parent=117522"}],"wp:term":[{"taxonomy":"category","embeddable":true,"href":"https:\/\/diarioregionaldigital.com.br\/index.php?rest_route=%2Fwp%2Fv2%2Fcategories&post=117522"},{"taxonomy":"post_tag","embeddable":true,"href":"https:\/\/diarioregionaldigital.com.br\/index.php?rest_route=%2Fwp%2Fv2%2Ftags&post=117522"}],"curies":[{"name":"wp","href":"https:\/\/api.w.org\/{rel}","templated":true}]}}