{"id":117517,"date":"2018-09-03T15:14:19","date_gmt":"2018-09-03T18:14:19","guid":{"rendered":"https:\/\/diarioregionaldigital.com.br\/?p=117517"},"modified":"2018-09-03T15:17:16","modified_gmt":"2018-09-03T18:17:16","slug":"parceria-entre-secretaria-de-saude-e-ufjf-disponibiliza-disciplina-on-line-para-medicos-do-programa-de-residencia","status":"publish","type":"post","link":"https:\/\/diarioregionaldigital.com.br\/?p=117517","title":{"rendered":"Parceria entre Secretaria de Sa\u00fade e UFJF disponibiliza disciplina on-line para m\u00e9dicos do programa de resid\u00eancia"},"content":{"rendered":"<p>Para aprimorar e fortalecer a Aten\u00e7\u00e3o Prim\u00e1ria \u00e0 Sa\u00fade (APS), foi apresentada, na \u00faltima semana, na Secretaria de Sa\u00fade (SS), uma plataforma de disciplina a dist\u00e2ncia para m\u00e9dicos do programa de resid\u00eancia da Prefeitura de Juiz de Fora (PJF). A ferramenta faz parte de uma parceria entre a PJF e a Universidade Federal de Juiz de Fora (UFJF), por meio do Centro de Educa\u00e7\u00e3o a Dist\u00e2ncia (Cead).<\/p>\n<p>A disciplina \u201cFundamentos, Origens e Princ\u00edpios do M\u00e9dico da Fam\u00edlia e Comunidade\u201d ter\u00e1 dura\u00e7\u00e3o de um ano e ser\u00e1 ministrada pelos professores da Faculdade de Medicina da UFJF, M\u00e1rcio Alves e Helena de Oliveira, al\u00e9m de contar com quatro m\u00e9dicos preceptores. A plataforma foi apresentada pelas professoras integrantes do Cead, Olga Ennela e Rita Florentino. Na disciplina on-line, os residentes ter\u00e3o acesso a exerc\u00edcios, poder\u00e3o trocar mensagens, participar de f\u00f3rum compartilhado para troca de experi\u00eancias e espa\u00e7o para conversa\u00e7\u00e3o.<\/p>\n<p>Segundo o professor M\u00e1rcio Alves, a parceria \u00e9 um desejo antigo e ser\u00e1 muito importante para a assist\u00eancia oferecida \u00e0 popula\u00e7\u00e3o. A disciplina ter\u00e1 sete m\u00f3dulos e, neste primeiro momento, h\u00e1 quatro estudantes inscritos, mas, para Alves, a plataforma tem capacidade para ser expandida. \u201c\u00c9 um programa com potencial. Temos condi\u00e7\u00f5es de capacitar centenas de m\u00e9dicos residentes\u201d.<\/p>\n<p>De acordo com o m\u00e9dico e um dos preceptores da resid\u00eancia, Sebasti\u00e3o Souza Filho, \u00e9 importante que a forma\u00e7\u00e3o do m\u00e9dico privilegie a Aten\u00e7\u00e3o Prim\u00e1ria \u00e0 Sa\u00fade (APS). Ele diz que a Medicina de Fam\u00edlia e Comunidade (MFC) \u00e9 uma especialidade que pode ser mais explorada para o fortalecimento da sa\u00fade b\u00e1sica.<\/p>\n<p>A m\u00e9dica residente da Unidade B\u00e1sica de Sa\u00fade (UBS) do Bairro Industrial, Fl\u00e1via Rodrigues, comenta que a disciplina on-line ser\u00e1 uma forma de discutir e problematizar quest\u00f5es presentes no cotidiano de cada um. \u201cV\u00e3o surgir novos temas, novas demandas e vamos recheando cada vez mais a plataforma com conte\u00fados que tenham sentido na nossa pr\u00e1tica\u201d. Segundo ela, o retorno para a popula\u00e7\u00e3o ser\u00e3o profissionais ainda mais qualificados, mais humanizados e centrados nas pessoas.<\/p>\n<p>Juiz de Fora \u00e9 uma das primeiras cidades de Minas Gerais a oferecer resid\u00eancia m\u00e9dica pelo Sistema \u00danico de Sa\u00fade (SUS). A Subsecretaria de Aten\u00e7\u00e3o Prim\u00e1ria \u00e0 Sa\u00fade \u00e9 habilitada pelo Minist\u00e9rio da Educa\u00e7\u00e3o (MEC) e participa do Programa de Resid\u00eancia M\u00e9dica (PRM), credenciado pela Comiss\u00e3o Nacional de Resid\u00eancia M\u00e9dica (CNRM\/MEC).<\/p>\n<p>&nbsp;<\/p>\n<p>Fonte: Assessoria PJF<\/p>\n","protected":false},"excerpt":{"rendered":"<p>Para aprimorar e fortalecer a Aten\u00e7\u00e3o Prim\u00e1ria \u00e0 Sa\u00fade (APS), foi apresentada, na \u00faltima semana, na Secretaria de Sa\u00fade (SS), uma plataforma de disciplina a dist\u00e2ncia para m\u00e9dicos do programa de resid\u00eancia da Prefeitura de Juiz de Fora (PJF). A ferramenta faz parte de uma parceria entre a PJF e a Universidade Federal de Juiz [&hellip;]<\/p>\n","protected":false},"author":96,"featured_media":117518,"comment_status":"closed","ping_status":"closed","sticky":false,"template":"","format":"standard","meta":{"footnotes":""},"categories":[253,439],"tags":[],"class_list":["post-117517","post","type-post","status-publish","format-standard","has-post-thumbnail","hentry","category-cidade","category-ultima-hora"],"_links":{"self":[{"href":"https:\/\/diarioregionaldigital.com.br\/index.php?rest_route=\/wp\/v2\/posts\/117517","targetHints":{"allow":["GET"]}}],"collection":[{"href":"https:\/\/diarioregionaldigital.com.br\/index.php?rest_route=\/wp\/v2\/posts"}],"about":[{"href":"https:\/\/diarioregionaldigital.com.br\/index.php?rest_route=\/wp\/v2\/types\/post"}],"author":[{"embeddable":true,"href":"https:\/\/diarioregionaldigital.com.br\/index.php?rest_route=\/wp\/v2\/users\/96"}],"replies":[{"embeddable":true,"href":"https:\/\/diarioregionaldigital.com.br\/index.php?rest_route=%2Fwp%2Fv2%2Fcomments&post=117517"}],"version-history":[{"count":0,"href":"https:\/\/diarioregionaldigital.com.br\/index.php?rest_route=\/wp\/v2\/posts\/117517\/revisions"}],"wp:featuredmedia":[{"embeddable":true,"href":"https:\/\/diarioregionaldigital.com.br\/index.php?rest_route=\/wp\/v2\/media\/117518"}],"wp:attachment":[{"href":"https:\/\/diarioregionaldigital.com.br\/index.php?rest_route=%2Fwp%2Fv2%2Fmedia&parent=117517"}],"wp:term":[{"taxonomy":"category","embeddable":true,"href":"https:\/\/diarioregionaldigital.com.br\/index.php?rest_route=%2Fwp%2Fv2%2Fcategories&post=117517"},{"taxonomy":"post_tag","embeddable":true,"href":"https:\/\/diarioregionaldigital.com.br\/index.php?rest_route=%2Fwp%2Fv2%2Ftags&post=117517"}],"curies":[{"name":"wp","href":"https:\/\/api.w.org\/{rel}","templated":true}]}}