{"id":117512,"date":"2018-09-03T14:53:54","date_gmt":"2018-09-03T17:53:54","guid":{"rendered":"https:\/\/diarioregionaldigital.com.br\/?p=117512"},"modified":"2018-09-03T14:53:54","modified_gmt":"2018-09-03T17:53:54","slug":"taxa-extra-mais-cara-e-inclusa-na-conta-de-luz-de-setembro","status":"publish","type":"post","link":"https:\/\/diarioregionaldigital.com.br\/?p=117512","title":{"rendered":"Taxa extra mais cara \u00e9 inclusa na conta de luz de setembro"},"content":{"rendered":"<p>De acordo com a ag\u00eancia Nacional de Energia El\u00e9trica, a manuten\u00e7\u00e3o da bandeira vermelha 2 ser\u00e1 vigorada neste m\u00eas de setembro, sendo cobrado, na conta de luz dos brasileiros, uma taxa extra de R$5 a cada 100KWh (quiloeattrs-hora). De acordo com a ag\u00eancia, a manuten\u00e7\u00e3o da bandeira vermelha 2 deve-se \u00e0 &#8220;condi\u00e7\u00f5es hidrol\u00f3gicas desfavor\u00e1veis e um baixo n\u00edvel de armazenamento nas hidrel\u00e9tricas, principal fonte de gera\u00e7\u00e3o (de energia) do pa\u00eds&#8221;.<\/p>\n<p>O sistema tarif\u00e1rio aumenta o custo da energia em momentos de escassez de gera\u00e7\u00e3o, quando podem ser acionadas bandeiras amarela, vermelha 1 (rosa) ou a vermelha 2.<\/p>\n<p>A bandeira verde, que n\u00e3o tem cobran\u00e7a de taxa extra na conta de luz, foi implantada de janeiro a abril deste ano. Em maio, foi acionada a bandeira amarela, tendo uma cobran\u00e7a adicional de R$1 a cada 100KWh. Desde junho, a taxa extra foi para R$5 a cada 100KWh com o acionamento da bandeira vermelha 2, sendo mantido nos \u00faltimos meses.<\/p>\n<p>A Aneel pede para que as a\u00e7\u00f5es relacionadas ao uso consciente e combate ao desperd\u00edcio sejam refor\u00e7adas.<\/p>\n<p>&nbsp;<\/p>\n<p>Fonte: Ag\u00eancia Nacional de Energia El\u00e9trica<\/p>\n","protected":false},"excerpt":{"rendered":"<p>De acordo com a ag\u00eancia Nacional de Energia El\u00e9trica, a manuten\u00e7\u00e3o da bandeira vermelha 2 ser\u00e1 vigorada neste m\u00eas de setembro, sendo cobrado, na conta de luz dos brasileiros, uma taxa extra de R$5 a cada 100KWh (quiloeattrs-hora). De acordo com a ag\u00eancia, a manuten\u00e7\u00e3o da bandeira vermelha 2 deve-se \u00e0 &#8220;condi\u00e7\u00f5es hidrol\u00f3gicas desfavor\u00e1veis e [&hellip;]<\/p>\n","protected":false},"author":96,"featured_media":114794,"comment_status":"closed","ping_status":"closed","sticky":false,"template":"","format":"standard","meta":{"footnotes":""},"categories":[261,439],"tags":[],"class_list":["post-117512","post","type-post","status-publish","format-standard","has-post-thumbnail","hentry","category-economia","category-ultima-hora"],"_links":{"self":[{"href":"https:\/\/diarioregionaldigital.com.br\/index.php?rest_route=\/wp\/v2\/posts\/117512","targetHints":{"allow":["GET"]}}],"collection":[{"href":"https:\/\/diarioregionaldigital.com.br\/index.php?rest_route=\/wp\/v2\/posts"}],"about":[{"href":"https:\/\/diarioregionaldigital.com.br\/index.php?rest_route=\/wp\/v2\/types\/post"}],"author":[{"embeddable":true,"href":"https:\/\/diarioregionaldigital.com.br\/index.php?rest_route=\/wp\/v2\/users\/96"}],"replies":[{"embeddable":true,"href":"https:\/\/diarioregionaldigital.com.br\/index.php?rest_route=%2Fwp%2Fv2%2Fcomments&post=117512"}],"version-history":[{"count":0,"href":"https:\/\/diarioregionaldigital.com.br\/index.php?rest_route=\/wp\/v2\/posts\/117512\/revisions"}],"wp:featuredmedia":[{"embeddable":true,"href":"https:\/\/diarioregionaldigital.com.br\/index.php?rest_route=\/wp\/v2\/media\/114794"}],"wp:attachment":[{"href":"https:\/\/diarioregionaldigital.com.br\/index.php?rest_route=%2Fwp%2Fv2%2Fmedia&parent=117512"}],"wp:term":[{"taxonomy":"category","embeddable":true,"href":"https:\/\/diarioregionaldigital.com.br\/index.php?rest_route=%2Fwp%2Fv2%2Fcategories&post=117512"},{"taxonomy":"post_tag","embeddable":true,"href":"https:\/\/diarioregionaldigital.com.br\/index.php?rest_route=%2Fwp%2Fv2%2Ftags&post=117512"}],"curies":[{"name":"wp","href":"https:\/\/api.w.org\/{rel}","templated":true}]}}