{"id":117503,"date":"2018-09-03T13:51:16","date_gmt":"2018-09-03T16:51:16","guid":{"rendered":"https:\/\/diarioregionaldigital.com.br\/?p=117503"},"modified":"2018-09-03T13:51:16","modified_gmt":"2018-09-03T16:51:16","slug":"universidade-e-pesquisadores-do-pais-dizem-que-dano-e-irreparavel","status":"publish","type":"post","link":"https:\/\/diarioregionaldigital.com.br\/?p=117503","title":{"rendered":"Universidade e pesquisadores do pa\u00eds dizem que dano \u00e9 irrepar\u00e1vel"},"content":{"rendered":"<p>Universidades, professores e pesquisadores de todo o pa\u00eds se unem em protesto contra o inc\u00eandio que atingiu o Museu Nacional do Rio de Janeiro, destruindo a maior parte do acervo, que reunia 20 milh\u00f5es de itens. Para todos, o dano \u00e9 irrepar\u00e1vel.<\/p>\n<p>Em nota, o Sindicato Nacional dos Docentes das Institui\u00e7\u00f5es de Ensino Superior (Andes) e universidades lamentaram o epis\u00f3dio. \u201cO Andes vem a p\u00fablico denunciar o descaso para com as diversas manifesta\u00e7\u00f5es dos curadore(a)s, pesquisadore(a)s e demais interessado(a)s sobre a manuten\u00e7\u00e3o e conserva\u00e7\u00e3o do Museu Nacional.\u201d<\/p>\n<p>O Museu Nacional \u00e9 vinculado \u00e0 Universidade Federal do Rio de Janeiro (UFRJ), respons\u00e1vel por cursos livres e p\u00f3s-gradua\u00e7\u00e3o em distintas \u00e1reas.<\/p>\n<p>\u201cSomos solid\u00e1rio(a)s e estaremos ombro a ombro na luta pela defesa deste espa\u00e7o, acreditando que a restaura\u00e7\u00e3o de sua estrutura celebre a repactua\u00e7\u00e3o da ci\u00eancia, da tecnologia, da educa\u00e7\u00e3o e das artes como vetores de combate \u00e0 depend\u00eancia tecnol\u00f3gica, bem como ao combate \u00e0 pobreza e \u00e0 mis\u00e9ria que assolam nossa na\u00e7\u00e3o\u201d, diz a nota.<\/p>\n<p>Para a Universidade Federal do Rio Grande do Sul (UFRGS), h\u00e1 uma \u201cperda irrepar\u00e1vel\u201d do patrim\u00f4nio hist\u00f3rico, antropol\u00f3gico, art\u00edstico e cultural decorrente do inc\u00eandio.<\/p>\n<p>\u201cO triste fim das cole\u00e7\u00f5es, das obras de arte, dos achados arqueol\u00f3gicos e paleontol\u00f3gicos e dos documentos que ali estavam salvaguardados representa um duro golpe para a mem\u00f3ria de nosso pa\u00eds\u201d, diz a nota da UFRS.<\/p>\n<p>A Universidade Federal do Piau\u00ed (UFPI) usou as redes sociais para lamentar o que chamou de \u201ctrag\u00e9dia\u201d. Para a Universidade Federal Fluminense (UFF), a perda \u00e9 incalcul\u00e1vel.<\/p>\n<p>\u201cObras, documentos e incont\u00e1veis pe\u00e7as de valor arqueol\u00f3gico, antropol\u00f3gico, bot\u00e2nico, zool\u00f3gico e cultural foram consumidas pelas chamas. Uma calamidade para a ci\u00eancia brasileira e uma perda irrepar\u00e1vel para a mem\u00f3ria nacional\u201d, diz a nota da UFF.<\/p>\n<p>&nbsp;<\/p>\n<p>Fonte: Ag\u00eancia Brasil<\/p>\n","protected":false},"excerpt":{"rendered":"<p>Universidades, professores e pesquisadores de todo o pa\u00eds se unem em protesto contra o inc\u00eandio que atingiu o Museu Nacional do Rio de Janeiro, destruindo a maior parte do acervo, que reunia 20 milh\u00f5es de itens. Para todos, o dano \u00e9 irrepar\u00e1vel. Em nota, o Sindicato Nacional dos Docentes das Institui\u00e7\u00f5es de Ensino Superior (Andes) [&hellip;]<\/p>\n","protected":false},"author":96,"featured_media":117504,"comment_status":"closed","ping_status":"closed","sticky":false,"template":"","format":"standard","meta":{"footnotes":""},"categories":[302,436,439],"tags":[],"class_list":["post-117503","post","type-post","status-publish","format-standard","has-post-thumbnail","hentry","category-brasil-mundo","category-destaque-da-semana","category-ultima-hora"],"_links":{"self":[{"href":"https:\/\/diarioregionaldigital.com.br\/index.php?rest_route=\/wp\/v2\/posts\/117503","targetHints":{"allow":["GET"]}}],"collection":[{"href":"https:\/\/diarioregionaldigital.com.br\/index.php?rest_route=\/wp\/v2\/posts"}],"about":[{"href":"https:\/\/diarioregionaldigital.com.br\/index.php?rest_route=\/wp\/v2\/types\/post"}],"author":[{"embeddable":true,"href":"https:\/\/diarioregionaldigital.com.br\/index.php?rest_route=\/wp\/v2\/users\/96"}],"replies":[{"embeddable":true,"href":"https:\/\/diarioregionaldigital.com.br\/index.php?rest_route=%2Fwp%2Fv2%2Fcomments&post=117503"}],"version-history":[{"count":0,"href":"https:\/\/diarioregionaldigital.com.br\/index.php?rest_route=\/wp\/v2\/posts\/117503\/revisions"}],"wp:featuredmedia":[{"embeddable":true,"href":"https:\/\/diarioregionaldigital.com.br\/index.php?rest_route=\/wp\/v2\/media\/117504"}],"wp:attachment":[{"href":"https:\/\/diarioregionaldigital.com.br\/index.php?rest_route=%2Fwp%2Fv2%2Fmedia&parent=117503"}],"wp:term":[{"taxonomy":"category","embeddable":true,"href":"https:\/\/diarioregionaldigital.com.br\/index.php?rest_route=%2Fwp%2Fv2%2Fcategories&post=117503"},{"taxonomy":"post_tag","embeddable":true,"href":"https:\/\/diarioregionaldigital.com.br\/index.php?rest_route=%2Fwp%2Fv2%2Ftags&post=117503"}],"curies":[{"name":"wp","href":"https:\/\/api.w.org\/{rel}","templated":true}]}}