{"id":117497,"date":"2018-09-03T13:20:58","date_gmt":"2018-09-03T16:20:58","guid":{"rendered":"https:\/\/diarioregionaldigital.com.br\/?p=117497"},"modified":"2018-09-03T13:20:58","modified_gmt":"2018-09-03T16:20:58","slug":"ate-34-milhoes-de-inscritos-no-cnpj-podem-ser-declarados-inaptos","status":"publish","type":"post","link":"https:\/\/diarioregionaldigital.com.br\/?p=117497","title":{"rendered":"At\u00e9 3,4 milh\u00f5es de inscritos no CNPJ podem ser declarados inaptos"},"content":{"rendered":"<p>A Receita Federal alertou nessa segunda-feira, 3, que at\u00e9 3,4 milh\u00f5es de inscri\u00e7\u00f5es no Cadastro Nacional de Pessoa Jur\u00eddica (CNPJ) podem ser declaradas inaptas at\u00e9 maio de 2019. O \u00f3rg\u00e3o est\u00e1 intensificando as a\u00e7\u00f5es para declarar a inaptid\u00e3o de contribuintes que n\u00e3o entregaram as escritura\u00e7\u00f5es e declara\u00e7\u00f5es nos \u00faltimos 5 anos, em especial das Declara\u00e7\u00f5es de D\u00e9bitos e Cr\u00e9ditos Tribut\u00e1rios Federais (DCTF).<\/p>\n<p>Para evitar a declara\u00e7\u00e3o de inaptid\u00e3o da inscri\u00e7\u00e3o, o contribuinte deve sanar essas omiss\u00f5es. O Ato Declarat\u00f3rio Executivo (ADE) de inaptid\u00e3o passar\u00e1 a ser publicado no site da Receita Federal na internet pela Delegacia da Receita Federal do domic\u00edlio tribut\u00e1rio do contribuinte.<\/p>\n<p>De acordo com a Receita Federal, a inaptid\u00e3o do CNPJ produz diversos efeitos negativos para o contribuinte, como o impedimento de participar de novas inscri\u00e7\u00f5es, a possibilidade de baixa de of\u00edcio da inscri\u00e7\u00e3o, a invalidade da utiliza\u00e7\u00e3o da inscri\u00e7\u00e3o para fins cadastrais, a nulidade de documentos fiscais e a responsabiliza\u00e7\u00e3o dos s\u00f3cios pelos d\u00e9bitos em cobran\u00e7a.<\/p>\n<h5>Identifica\u00e7\u00e3o das omiss\u00f5es<\/h5>\n<p>O contribuinte pode consultar a exist\u00eancia de omiss\u00f5es na entrega de declara\u00e7\u00f5es no Centro Virtual de Atendimento (Portal e-CAC) no servi\u00e7o \u201cCertid\u00f5es e Situa\u00e7\u00e3o Fiscal\u201d, nos itens \u201cConsulta Pend\u00eancias \u2013 Situa\u00e7\u00e3o Fiscal\u201d, com rela\u00e7\u00e3o \u00e0s obriga\u00e7\u00f5es n\u00e3o previdenci\u00e1rias; ou a \u201cConsulta Pend\u00eancias \u2013 Situa\u00e7\u00e3o Fiscal \u2013 Relat\u00f3rio Complementar\u201d com rela\u00e7\u00e3o \u00e0s obriga\u00e7\u00f5es previdenci\u00e1rias.<\/p>\n<p>Para evitar a declara\u00e7\u00e3o de inaptid\u00e3o de sua inscri\u00e7\u00e3o, o contribuinte dever\u00e1 entregar todas as escritura\u00e7\u00f5es fiscais e as declara\u00e7\u00f5es omitidas relativas aos \u00faltimos 5 anos. Se ele deixar omiss\u00f5es n\u00e3o regularizadas e que n\u00e3o configurem situa\u00e7\u00e3o de inaptid\u00e3o, estar\u00e1 sujeito \u00e0 intima\u00e7\u00e3o e ao agravamento das multas por atraso na entrega.\u201c\u00c9 importante lembrar que os custos da regulariza\u00e7\u00e3o ap\u00f3s a intima\u00e7\u00e3o ser\u00e3o maiores\u201d, alertou a Receita.<\/p>\n<p>Ap\u00f3s a inaptid\u00e3o ter sido aplicada, o contribuinte que necessitar que a inscri\u00e7\u00e3o seja reativada dever\u00e1 entregar todas as declara\u00e7\u00f5es omitidas, indicadas na \u201cConsulta Pend\u00eancias \u2013 Situa\u00e7\u00e3o Fiscal\u201d e tamb\u00e9m as listadas no ADE de inaptid\u00e3o.<\/p>\n<p>Se as omiss\u00f5es que causaram a inaptid\u00e3o decorrerem de problemas cadastrais, como falta da comunica\u00e7\u00e3o de baixa, o contribuinte dever\u00e1 solicitar a corre\u00e7\u00e3o de cadastro para obter a regulariza\u00e7\u00e3o da omiss\u00e3o e a anula\u00e7\u00e3o da inaptid\u00e3o.<\/p>\n<p>O contribuinte que permanecer inapto ter\u00e1 sua inscri\u00e7\u00e3o baixada assim que cumprido o prazo necess\u00e1rio para esta provid\u00eancia e as eventuais obriga\u00e7\u00f5es tribut\u00e1rias n\u00e3o cumpridas ser\u00e3o exigidos dos respons\u00e1veis tribut\u00e1rios da pessoa jur\u00eddica.<\/p>\n<p>&nbsp;<\/p>\n<p>Fonte: Ag\u00eancia Brasil<\/p>\n","protected":false},"excerpt":{"rendered":"<p>A Receita Federal alertou nessa segunda-feira, 3, que at\u00e9 3,4 milh\u00f5es de inscri\u00e7\u00f5es no Cadastro Nacional de Pessoa Jur\u00eddica (CNPJ) podem ser declaradas inaptas at\u00e9 maio de 2019. O \u00f3rg\u00e3o est\u00e1 intensificando as a\u00e7\u00f5es para declarar a inaptid\u00e3o de contribuintes que n\u00e3o entregaram as escritura\u00e7\u00f5es e declara\u00e7\u00f5es nos \u00faltimos 5 anos, em especial das Declara\u00e7\u00f5es [&hellip;]<\/p>\n","protected":false},"author":96,"featured_media":117498,"comment_status":"closed","ping_status":"closed","sticky":false,"template":"","format":"standard","meta":{"footnotes":""},"categories":[436,261,439],"tags":[],"class_list":["post-117497","post","type-post","status-publish","format-standard","has-post-thumbnail","hentry","category-destaque-da-semana","category-economia","category-ultima-hora"],"_links":{"self":[{"href":"https:\/\/diarioregionaldigital.com.br\/index.php?rest_route=\/wp\/v2\/posts\/117497","targetHints":{"allow":["GET"]}}],"collection":[{"href":"https:\/\/diarioregionaldigital.com.br\/index.php?rest_route=\/wp\/v2\/posts"}],"about":[{"href":"https:\/\/diarioregionaldigital.com.br\/index.php?rest_route=\/wp\/v2\/types\/post"}],"author":[{"embeddable":true,"href":"https:\/\/diarioregionaldigital.com.br\/index.php?rest_route=\/wp\/v2\/users\/96"}],"replies":[{"embeddable":true,"href":"https:\/\/diarioregionaldigital.com.br\/index.php?rest_route=%2Fwp%2Fv2%2Fcomments&post=117497"}],"version-history":[{"count":0,"href":"https:\/\/diarioregionaldigital.com.br\/index.php?rest_route=\/wp\/v2\/posts\/117497\/revisions"}],"wp:featuredmedia":[{"embeddable":true,"href":"https:\/\/diarioregionaldigital.com.br\/index.php?rest_route=\/wp\/v2\/media\/117498"}],"wp:attachment":[{"href":"https:\/\/diarioregionaldigital.com.br\/index.php?rest_route=%2Fwp%2Fv2%2Fmedia&parent=117497"}],"wp:term":[{"taxonomy":"category","embeddable":true,"href":"https:\/\/diarioregionaldigital.com.br\/index.php?rest_route=%2Fwp%2Fv2%2Fcategories&post=117497"},{"taxonomy":"post_tag","embeddable":true,"href":"https:\/\/diarioregionaldigital.com.br\/index.php?rest_route=%2Fwp%2Fv2%2Ftags&post=117497"}],"curies":[{"name":"wp","href":"https:\/\/api.w.org\/{rel}","templated":true}]}}