{"id":117486,"date":"2018-09-03T12:56:53","date_gmt":"2018-09-03T15:56:53","guid":{"rendered":"https:\/\/diarioregionaldigital.com.br\/?p=117486"},"modified":"2018-09-03T12:59:26","modified_gmt":"2018-09-03T15:59:26","slug":"acidente-fatal-na-br-116-carreta-capota-proximo-ao-distrito-de-itamuri-e-condutor-morre","status":"publish","type":"post","link":"https:\/\/diarioregionaldigital.com.br\/?p=117486","title":{"rendered":"Acidente fatal na BR-116: carreta capota pr\u00f3ximo ao distrito de Itamuri e condutor morre"},"content":{"rendered":"<p>Um acidente com uma carreta carregada com caf\u00e9 em gr\u00e3os matou um homem de 33 anos, na manh\u00e3 desse domingo, 2, no trecho da BR-116 entre Muria\u00e9 e a cidade de Miradouro, pr\u00f3ximo ao trevo de acesso ao distrito de Itamuri. A v\u00edtima conduzia a carreta sentido a Muria\u00e9 e o ve\u00edculo tombou em uma curva, capotando para fora da pista.<\/p>\n<p>Bombeiros do Pelot\u00e3o de Muria\u00e9 e socorristas do Samu foram para o local, mas o motorista da carreta, cujo cavalo mec\u00e2nico tem placas de Oriz\u00e2nia, foi encontrado j\u00e1 sem vida em meio \u00e0s ferragens da cabine.<\/p>\n<p>Policiais rodovi\u00e1rios federais assumiram a ocorr\u00eancia e acionaram a per\u00edcia da Pol\u00edcia Civil (PC), que vai investigar as causa do acidente.<\/p>\n<p>&nbsp;<\/p>\n<p>Fonte: R\u00e1dio Muria\u00e9<\/p>\n","protected":false},"excerpt":{"rendered":"<p>Um acidente com uma carreta carregada com caf\u00e9 em gr\u00e3os matou um homem de 33 anos, na manh\u00e3 desse domingo, 2, no trecho da BR-116 entre Muria\u00e9 e a cidade de Miradouro, pr\u00f3ximo ao trevo de acesso ao distrito de Itamuri. A v\u00edtima conduzia a carreta sentido a Muria\u00e9 e o ve\u00edculo tombou em uma [&hellip;]<\/p>\n","protected":false},"author":96,"featured_media":117491,"comment_status":"closed","ping_status":"closed","sticky":false,"template":"","format":"standard","meta":{"footnotes":""},"categories":[252,439],"tags":[],"class_list":["post-117486","post","type-post","status-publish","format-standard","has-post-thumbnail","hentry","category-regiao","category-ultima-hora"],"_links":{"self":[{"href":"https:\/\/diarioregionaldigital.com.br\/index.php?rest_route=\/wp\/v2\/posts\/117486","targetHints":{"allow":["GET"]}}],"collection":[{"href":"https:\/\/diarioregionaldigital.com.br\/index.php?rest_route=\/wp\/v2\/posts"}],"about":[{"href":"https:\/\/diarioregionaldigital.com.br\/index.php?rest_route=\/wp\/v2\/types\/post"}],"author":[{"embeddable":true,"href":"https:\/\/diarioregionaldigital.com.br\/index.php?rest_route=\/wp\/v2\/users\/96"}],"replies":[{"embeddable":true,"href":"https:\/\/diarioregionaldigital.com.br\/index.php?rest_route=%2Fwp%2Fv2%2Fcomments&post=117486"}],"version-history":[{"count":0,"href":"https:\/\/diarioregionaldigital.com.br\/index.php?rest_route=\/wp\/v2\/posts\/117486\/revisions"}],"wp:featuredmedia":[{"embeddable":true,"href":"https:\/\/diarioregionaldigital.com.br\/index.php?rest_route=\/wp\/v2\/media\/117491"}],"wp:attachment":[{"href":"https:\/\/diarioregionaldigital.com.br\/index.php?rest_route=%2Fwp%2Fv2%2Fmedia&parent=117486"}],"wp:term":[{"taxonomy":"category","embeddable":true,"href":"https:\/\/diarioregionaldigital.com.br\/index.php?rest_route=%2Fwp%2Fv2%2Fcategories&post=117486"},{"taxonomy":"post_tag","embeddable":true,"href":"https:\/\/diarioregionaldigital.com.br\/index.php?rest_route=%2Fwp%2Fv2%2Ftags&post=117486"}],"curies":[{"name":"wp","href":"https:\/\/api.w.org\/{rel}","templated":true}]}}