{"id":117459,"date":"2018-09-03T12:06:34","date_gmt":"2018-09-03T15:06:34","guid":{"rendered":"https:\/\/diarioregionaldigital.com.br\/?p=117459"},"modified":"2018-09-03T12:07:16","modified_gmt":"2018-09-03T15:07:16","slug":"rede-ebserh-apresenta-balanco-preliminar-de-acao-medico-humanitaria-realizada-a-imigrantes-venezuelanos-em-roraima","status":"publish","type":"post","link":"https:\/\/diarioregionaldigital.com.br\/?p=117459","title":{"rendered":"Rede Ebserh apresenta balan\u00e7o preliminar de a\u00e7\u00e3o m\u00e9dico-humanit\u00e1ria realizada a imigrantes venezuelanos em Roraima"},"content":{"rendered":"<p>&nbsp;<\/p>\n<p>Nesta segunda-feira, 1, ser\u00e1 realizado o evento de encerramento da a\u00e7\u00e3o Ebserh Solid\u00e1ria, em que cerca de 40 profissionais de sa\u00fade dos hospitais universit\u00e1rios federais vinculados \u00e0 Empresa Brasileira de Servi\u00e7os Hospitalares (Ebserh) atenderam voluntariamente milhares de imigrantes venezuelanos que est\u00e3o em Roraima.<\/p>\n<p>Na ocasi\u00e3o, ser\u00e3o apresentados os dados preliminares da a\u00e7\u00e3o realizada de 27 de agosto a 1 de setembro na capital Boa Vista e na cidade de Pacaraima, que faz fronteira com a Venezuela, incluindo o n\u00famero de atendimentos, especialidades, tipos de procedimentos e as principais patologias identificadas.<\/p>\n<p>A a\u00e7\u00e3o Ebserh Solid\u00e1ria foi criada para oferecer atendimentos de sa\u00fade voltados \u00e0 popula\u00e7\u00e3o com dificuldade de acesso a esses servi\u00e7os. Essa edi\u00e7\u00e3o da iniciativa foi idealizada diante do n\u00famero crescente de entrada de imigrantes venezuelanos no pa\u00eds e a fim de apoiar as atividades que visam minimizar o impacto gerado nos servi\u00e7os p\u00fablicos do estado de Roraima.<\/p>\n<h3>Servi\u00e7o<\/h3>\n<p>O qu\u00ea: encerramento da a\u00e7\u00e3o Ebserh Solid\u00e1ria<br \/>\nQuando: segunda-feira, 3, \u00e0s 9h &#8211; hor\u00e1rio de Bras\u00edlia<br \/>\nOnde: sede da Rede Ebserh &#8211; SCS, Quadra 09, Lote &#8220;C&#8221;, Ed. Parque Cidade Corporate, Bloco &#8220;C&#8221;, 2\u00b0 pavimento, Bras\u00edlia &#8211; DF<br \/>\nContato: Natalia (61) 9 8211-4416 ou George (61) 9 8566-8192<\/p>\n<h3>Sobre a Ebserh<\/h3>\n<p>Estatal vinculada ao Minist\u00e9rio da Educa\u00e7\u00e3o, a Empresa Brasileira de Servi\u00e7os Hospitalares (Ebserh) atua na gest\u00e3o de hospitais universit\u00e1rios federais. O objetivo \u00e9, em parceria com as universidades, aperfei\u00e7oar os servi\u00e7os de atendimento \u00e0 popula\u00e7\u00e3o, por meio do Sistema \u00danico de Sa\u00fade (SUS), e promover o ensino e a pesquisa nas unidades filiadas. A empresa, criada em dezembro de 2011, administra atualmente 40 hospitais.<\/p>\n","protected":false},"excerpt":{"rendered":"<p>&nbsp; Nesta segunda-feira, 1, ser\u00e1 realizado o evento de encerramento da a\u00e7\u00e3o Ebserh Solid\u00e1ria, em que cerca de 40 profissionais de sa\u00fade dos hospitais universit\u00e1rios federais vinculados \u00e0 Empresa Brasileira de Servi\u00e7os Hospitalares (Ebserh) atenderam voluntariamente milhares de imigrantes venezuelanos que est\u00e3o em Roraima. Na ocasi\u00e3o, ser\u00e3o apresentados os dados preliminares da a\u00e7\u00e3o realizada de [&hellip;]<\/p>\n","protected":false},"author":96,"featured_media":0,"comment_status":"closed","ping_status":"closed","sticky":false,"template":"","format":"standard","meta":{"footnotes":""},"categories":[302,439],"tags":[],"class_list":["post-117459","post","type-post","status-publish","format-standard","hentry","category-brasil-mundo","category-ultima-hora"],"_links":{"self":[{"href":"https:\/\/diarioregionaldigital.com.br\/index.php?rest_route=\/wp\/v2\/posts\/117459","targetHints":{"allow":["GET"]}}],"collection":[{"href":"https:\/\/diarioregionaldigital.com.br\/index.php?rest_route=\/wp\/v2\/posts"}],"about":[{"href":"https:\/\/diarioregionaldigital.com.br\/index.php?rest_route=\/wp\/v2\/types\/post"}],"author":[{"embeddable":true,"href":"https:\/\/diarioregionaldigital.com.br\/index.php?rest_route=\/wp\/v2\/users\/96"}],"replies":[{"embeddable":true,"href":"https:\/\/diarioregionaldigital.com.br\/index.php?rest_route=%2Fwp%2Fv2%2Fcomments&post=117459"}],"version-history":[{"count":0,"href":"https:\/\/diarioregionaldigital.com.br\/index.php?rest_route=\/wp\/v2\/posts\/117459\/revisions"}],"wp:attachment":[{"href":"https:\/\/diarioregionaldigital.com.br\/index.php?rest_route=%2Fwp%2Fv2%2Fmedia&parent=117459"}],"wp:term":[{"taxonomy":"category","embeddable":true,"href":"https:\/\/diarioregionaldigital.com.br\/index.php?rest_route=%2Fwp%2Fv2%2Fcategories&post=117459"},{"taxonomy":"post_tag","embeddable":true,"href":"https:\/\/diarioregionaldigital.com.br\/index.php?rest_route=%2Fwp%2Fv2%2Ftags&post=117459"}],"curies":[{"name":"wp","href":"https:\/\/api.w.org\/{rel}","templated":true}]}}