{"id":117450,"date":"2018-09-03T09:53:20","date_gmt":"2018-09-03T12:53:20","guid":{"rendered":"https:\/\/diarioregionaldigital.com.br\/?p=117450"},"modified":"2018-09-03T09:53:20","modified_gmt":"2018-09-03T12:53:20","slug":"baeta-nomeia-representante-com-objetivo-de-internacionalizar-sua-marca","status":"publish","type":"post","link":"https:\/\/diarioregionaldigital.com.br\/?p=117450","title":{"rendered":"Baeta nomeia representante com objetivo de internacionalizar sua marca"},"content":{"rendered":"<p>Tendo em vista a crise econ\u00f4mica do futebol brasileiro e uma ampla vis\u00e3o de mercado do Grupo Gestor que comanda o futebol do Baeta, o Departamento de Futebol do Tupynamb\u00e1s Futebol Clube, comandado pelo gestor Alberto Dalva Sim\u00e3o, nomeou, nessa quinta-feira (30), um representante com o intuito de buscar a internacionaliza\u00e7\u00e3o da marca do clube juizforano.<\/p>\n<p>O escolhido para essa importante miss\u00e3o foi o empres\u00e1rio e agente FIFA Walderez Ramalho. Nascido em Governador Valadares, Walderez tem 57 anos e vasta experi\u00eancia no futebol do exterior. Empres\u00e1rio credenciado de futebol, foi diretor do Democrata de Valadares, al\u00e9m de ter sido representante no Brasil dos clubes gregos PAE Kalamata e PAE Asteras Tr\u00edpolis. O empres\u00e1rio tamb\u00e9m tem abertura no mercado asi\u00e1tico, europeu, e norte-americano. Sua experi\u00eancia no exterior ser\u00e1 fundamental para que os objetivos sejam alcan\u00e7ados.<\/p>\n<p>O projeto ser\u00e1 desenvolvido em cinco pa\u00edses (EUA, China, Portugal, Col\u00f4mbia e \u00cdndia). Walderez ser\u00e1 respons\u00e1vel pela prospec\u00e7\u00e3o nos Estados Unidos e \u00cdndia, j\u00e1 Alberto ficar\u00e1 por conta de Col\u00f4mbia e Portugal, enquanto que no mercado chin\u00eas, ambos viajar\u00e3o juntos, em breve, para intensificar as negocia\u00e7\u00f5es.<\/p>\n<p>Walderez fala um pouco sobre o projeto: \u201cConhe\u00e7o o Alberto h\u00e1 muito tempo e sei da capacidade dele de trabalhar com jovens atletas. Estou indo na pr\u00f3xima semana aos EUA para acompanhar os amistosos da Sele\u00e7\u00e3o Brasileira e ficarei em torno de 20 dias em solo americano no intuito de prospectar bons neg\u00f3cios para o Baeta. Alberto j\u00e1 fez contatos com Col\u00f4mbia e Portugal e iremos na China juntos. Temos um bom ciclo de amizades no meio e temos a certeza que bons neg\u00f3cios ser\u00e3o feitos.\u201d<\/p>\n<p>Dentre os principais objetivos do projeto est\u00e3o: consolidar a marca Baeta no cen\u00e1rio esportivo, n\u00e3o s\u00f3 no cen\u00e1rio nacional, mas tamb\u00e9m internacional, criar um nicho de investimento no exterior, negociar jovens atletas, agendar excurs\u00f5es, al\u00e9m de criar um interc\u00e2mbio t\u00e9cnico e de gest\u00e3o profissional. As negocia\u00e7\u00f5es com os pa\u00edses citados j\u00e1 est\u00e3o em curso e a boa aceita\u00e7\u00e3o dos empres\u00e1rios internacionais deve-se, principalmente, ao case de sucesso do projeto do Baeta, que em menos de 21 meses saiu de uma estagna\u00e7\u00e3o de quase uma d\u00e9cada para ascender \u00e0 elite do futebol mineiro.<\/p>\n<p><strong>Fonte: Tupynamb\u00e1s FC<\/strong><\/p>\n","protected":false},"excerpt":{"rendered":"<p>Tendo em vista a crise econ\u00f4mica do futebol brasileiro e uma ampla vis\u00e3o de mercado do Grupo Gestor que comanda o futebol do Baeta, o Departamento de Futebol do Tupynamb\u00e1s Futebol Clube, comandado pelo gestor Alberto Dalva Sim\u00e3o, nomeou, nessa quinta-feira (30), um representante com o intuito de buscar a internacionaliza\u00e7\u00e3o da marca do clube [&hellip;]<\/p>\n","protected":false},"author":96,"featured_media":117451,"comment_status":"closed","ping_status":"closed","sticky":false,"template":"","format":"standard","meta":{"footnotes":""},"categories":[257,439],"tags":[],"class_list":["post-117450","post","type-post","status-publish","format-standard","has-post-thumbnail","hentry","category-esporte","category-ultima-hora"],"_links":{"self":[{"href":"https:\/\/diarioregionaldigital.com.br\/index.php?rest_route=\/wp\/v2\/posts\/117450","targetHints":{"allow":["GET"]}}],"collection":[{"href":"https:\/\/diarioregionaldigital.com.br\/index.php?rest_route=\/wp\/v2\/posts"}],"about":[{"href":"https:\/\/diarioregionaldigital.com.br\/index.php?rest_route=\/wp\/v2\/types\/post"}],"author":[{"embeddable":true,"href":"https:\/\/diarioregionaldigital.com.br\/index.php?rest_route=\/wp\/v2\/users\/96"}],"replies":[{"embeddable":true,"href":"https:\/\/diarioregionaldigital.com.br\/index.php?rest_route=%2Fwp%2Fv2%2Fcomments&post=117450"}],"version-history":[{"count":0,"href":"https:\/\/diarioregionaldigital.com.br\/index.php?rest_route=\/wp\/v2\/posts\/117450\/revisions"}],"wp:featuredmedia":[{"embeddable":true,"href":"https:\/\/diarioregionaldigital.com.br\/index.php?rest_route=\/wp\/v2\/media\/117451"}],"wp:attachment":[{"href":"https:\/\/diarioregionaldigital.com.br\/index.php?rest_route=%2Fwp%2Fv2%2Fmedia&parent=117450"}],"wp:term":[{"taxonomy":"category","embeddable":true,"href":"https:\/\/diarioregionaldigital.com.br\/index.php?rest_route=%2Fwp%2Fv2%2Fcategories&post=117450"},{"taxonomy":"post_tag","embeddable":true,"href":"https:\/\/diarioregionaldigital.com.br\/index.php?rest_route=%2Fwp%2Fv2%2Ftags&post=117450"}],"curies":[{"name":"wp","href":"https:\/\/api.w.org\/{rel}","templated":true}]}}