{"id":117447,"date":"2018-09-03T09:51:06","date_gmt":"2018-09-03T12:51:06","guid":{"rendered":"https:\/\/diarioregionaldigital.com.br\/?p=117447"},"modified":"2018-09-03T09:51:06","modified_gmt":"2018-09-03T12:51:06","slug":"cbf-confirma-corte-de-fagner-e-tite-chama-eder-militao","status":"publish","type":"post","link":"https:\/\/diarioregionaldigital.com.br\/?p=117447","title":{"rendered":"CBF confirma corte de Fagner e Tite chama \u00c9der Milit\u00e3o"},"content":{"rendered":"<p>A Confedera\u00e7\u00e3o Brasileira de Futebol (CBF) confirmou na noite deste domingo o corte do lateral direito Fagner da Sele\u00e7\u00e3o Brasileira. Em informe liberado no site da entidade, foi informado que \u201ca comiss\u00e3o t\u00e9cnica da Sele\u00e7\u00e3o Brasileira convocou, neste domingo, o defensor \u00c9der Milit\u00e3o, do Porto (Portugal)\u201d.<\/p>\n<p>A publica\u00e7\u00e3o confirma a informa\u00e7\u00e3o sabida desde a sexta-feira, quando foi noticiado que Fagner estava fora dos amistosos\u00a0\u00a0contra os Estados Unidos, no dia 7, e El Salvador, no dia 11. diagnosticado com uma les\u00e3o no m\u00fasculo posterior da coxa esquerda. O atleta, que sofreu o problema durante o jogo contra o Colo-Colo, na Libertadores, deve parar por at\u00e9 quatro semanas para recuperar-se da contus\u00e3o.<\/p>\n<p>\u00c9der Milit\u00e3o foi observado pela comiss\u00e3o t\u00e9cnica da Sele\u00e7\u00e3o quando ainda atuava pelo S\u00e3o Paulo. O coordenador de sele\u00e7\u00f5es, Edu Gaspar, comunicou o atleta da convoca\u00e7\u00e3o neste domingo, ap\u00f3s a partida do Porto contra o Moreirense.<\/p>\n<p>A Sele\u00e7\u00e3o Brasileira j\u00e1 come\u00e7ou a se apresentar em Nova J\u00e9rsei, nos Estados Unidos, onde far\u00e1 no dia 07 um amistoso contra os donos da casa. Quatro dias depois, a equipe voltar\u00e1 a campo, em Washington DC, para jogar contra El Salvador.<\/p>\n<p><strong>Fonte: Gazeta Press<\/strong><\/p>\n","protected":false},"excerpt":{"rendered":"<p>A Confedera\u00e7\u00e3o Brasileira de Futebol (CBF) confirmou na noite deste domingo o corte do lateral direito Fagner da Sele\u00e7\u00e3o Brasileira. Em informe liberado no site da entidade, foi informado que \u201ca comiss\u00e3o t\u00e9cnica da Sele\u00e7\u00e3o Brasileira convocou, neste domingo, o defensor \u00c9der Milit\u00e3o, do Porto (Portugal)\u201d. A publica\u00e7\u00e3o confirma a informa\u00e7\u00e3o sabida desde a sexta-feira, [&hellip;]<\/p>\n","protected":false},"author":96,"featured_media":117448,"comment_status":"closed","ping_status":"closed","sticky":false,"template":"","format":"standard","meta":{"footnotes":""},"categories":[257,439],"tags":[],"class_list":["post-117447","post","type-post","status-publish","format-standard","has-post-thumbnail","hentry","category-esporte","category-ultima-hora"],"_links":{"self":[{"href":"https:\/\/diarioregionaldigital.com.br\/index.php?rest_route=\/wp\/v2\/posts\/117447","targetHints":{"allow":["GET"]}}],"collection":[{"href":"https:\/\/diarioregionaldigital.com.br\/index.php?rest_route=\/wp\/v2\/posts"}],"about":[{"href":"https:\/\/diarioregionaldigital.com.br\/index.php?rest_route=\/wp\/v2\/types\/post"}],"author":[{"embeddable":true,"href":"https:\/\/diarioregionaldigital.com.br\/index.php?rest_route=\/wp\/v2\/users\/96"}],"replies":[{"embeddable":true,"href":"https:\/\/diarioregionaldigital.com.br\/index.php?rest_route=%2Fwp%2Fv2%2Fcomments&post=117447"}],"version-history":[{"count":0,"href":"https:\/\/diarioregionaldigital.com.br\/index.php?rest_route=\/wp\/v2\/posts\/117447\/revisions"}],"wp:featuredmedia":[{"embeddable":true,"href":"https:\/\/diarioregionaldigital.com.br\/index.php?rest_route=\/wp\/v2\/media\/117448"}],"wp:attachment":[{"href":"https:\/\/diarioregionaldigital.com.br\/index.php?rest_route=%2Fwp%2Fv2%2Fmedia&parent=117447"}],"wp:term":[{"taxonomy":"category","embeddable":true,"href":"https:\/\/diarioregionaldigital.com.br\/index.php?rest_route=%2Fwp%2Fv2%2Fcategories&post=117447"},{"taxonomy":"post_tag","embeddable":true,"href":"https:\/\/diarioregionaldigital.com.br\/index.php?rest_route=%2Fwp%2Fv2%2Ftags&post=117447"}],"curies":[{"name":"wp","href":"https:\/\/api.w.org\/{rel}","templated":true}]}}