{"id":117444,"date":"2018-09-03T09:48:27","date_gmt":"2018-09-03T12:48:27","guid":{"rendered":"https:\/\/diarioregionaldigital.com.br\/?p=117444"},"modified":"2018-09-03T09:48:27","modified_gmt":"2018-09-03T12:48:27","slug":"renato-augusto-nao-jogara-amistosos-nos-eua","status":"publish","type":"post","link":"https:\/\/diarioregionaldigital.com.br\/?p=117444","title":{"rendered":"Renato Augusto n\u00e3o jogar\u00e1 amistosos nos EUA"},"content":{"rendered":"<p>Renato Augusto n\u00e3o estar\u00e1 presente nos amistosos do Brasil nos Estados Unidos, em setembro, diante dos americanos e El Salvador, dias 7 e 11. O meio-campista pediu para ser liberado destes compromissos, alegando motivos pessoais. A CBF divulgou um comunicado com esta not\u00edcia.<\/p>\n<p>O pedido do volante foi feito para o Coordenador de sele\u00e7\u00f5es, Edu Gaspar. Apesar disso, o meio-campista n\u00e3o ser\u00e1 desconvocado por Tite por n\u00e3o estar lesionado. Dessa maneira, 23 jogadores v\u00e3o viajar para os Estados Unidos, na pr\u00f3xima semana.<\/p>\n<p>O motivo do pedido do jogador ainda n\u00e3o foi revelado e o pr\u00f3prio fez quest\u00e3o de explicar sua decis\u00e3o de se ausentar da sele\u00e7\u00e3o nas redes sociais. Fisicamente Renato Augusto estaria apto, j\u00e1 que na \u00faltima quinta-feira,\u00a0 atuou pelo seu time e, inclusive, marcou gol.<\/p>\n<p>Na \u00faltima passada, o\u00a0Beijing Guoan solicitou a desconvoca\u00e7\u00e3o do meia Renato Augusto\u00a0dos compromissos de setembro contra Estados Unidos e El Salvador. A resposta da CBF foi negativa.<\/p>\n<p>A sele\u00e7\u00e3o brasileira enfrenta Estados Unidos e El Salvador nos dias 7 e 11 de setembro, respectivamente. Ambos os jogos ser\u00e3o realizados nos EUA, em Nova Jersey e Washington, respectivamente.<\/p>\n<p>Confira a lista de convocados:<\/p>\n<p>Goleiros: Alisson (Liverpool), Hugo (Flamengo), Neto (Valencia).<\/p>\n<p>Defensores: Alex Sandro (Juventus), Ded\u00e9 (Cruzeiro), Fabinho (Liverpool), Fagner (Corinthians), Felipe (Porto), Filipe Lu\u00eds (Atl\u00e9tico de Madrid), Marquinhos (PSG), Thiago Silva (PSG).<\/p>\n<p>Meio-campistas: Andreas Pereira (Manchester United), Arthur (Barcelona), Casemiro (Real Madrid), Fred (Manchester United), Lucas Paquet\u00e1 (Flamengo), Philippe Coutinho (Barcelona).<\/p>\n<p>Atacantes: Douglas Costa (Juventus), Everton (Gr\u00eamio), Roberto Firmino (Liverpool), Richarlison (Everton), Neymar (PSG), Willian (Chelsea).<\/p>\n<p><strong>\u00a0<\/strong><\/p>\n<p><strong>Fonte: CBF<\/strong><\/p>\n","protected":false},"excerpt":{"rendered":"<p>Renato Augusto n\u00e3o estar\u00e1 presente nos amistosos do Brasil nos Estados Unidos, em setembro, diante dos americanos e El Salvador, dias 7 e 11. O meio-campista pediu para ser liberado destes compromissos, alegando motivos pessoais. A CBF divulgou um comunicado com esta not\u00edcia. O pedido do volante foi feito para o Coordenador de sele\u00e7\u00f5es, Edu [&hellip;]<\/p>\n","protected":false},"author":96,"featured_media":117445,"comment_status":"closed","ping_status":"closed","sticky":false,"template":"","format":"standard","meta":{"footnotes":""},"categories":[257,439],"tags":[],"class_list":["post-117444","post","type-post","status-publish","format-standard","has-post-thumbnail","hentry","category-esporte","category-ultima-hora"],"_links":{"self":[{"href":"https:\/\/diarioregionaldigital.com.br\/index.php?rest_route=\/wp\/v2\/posts\/117444","targetHints":{"allow":["GET"]}}],"collection":[{"href":"https:\/\/diarioregionaldigital.com.br\/index.php?rest_route=\/wp\/v2\/posts"}],"about":[{"href":"https:\/\/diarioregionaldigital.com.br\/index.php?rest_route=\/wp\/v2\/types\/post"}],"author":[{"embeddable":true,"href":"https:\/\/diarioregionaldigital.com.br\/index.php?rest_route=\/wp\/v2\/users\/96"}],"replies":[{"embeddable":true,"href":"https:\/\/diarioregionaldigital.com.br\/index.php?rest_route=%2Fwp%2Fv2%2Fcomments&post=117444"}],"version-history":[{"count":0,"href":"https:\/\/diarioregionaldigital.com.br\/index.php?rest_route=\/wp\/v2\/posts\/117444\/revisions"}],"wp:featuredmedia":[{"embeddable":true,"href":"https:\/\/diarioregionaldigital.com.br\/index.php?rest_route=\/wp\/v2\/media\/117445"}],"wp:attachment":[{"href":"https:\/\/diarioregionaldigital.com.br\/index.php?rest_route=%2Fwp%2Fv2%2Fmedia&parent=117444"}],"wp:term":[{"taxonomy":"category","embeddable":true,"href":"https:\/\/diarioregionaldigital.com.br\/index.php?rest_route=%2Fwp%2Fv2%2Fcategories&post=117444"},{"taxonomy":"post_tag","embeddable":true,"href":"https:\/\/diarioregionaldigital.com.br\/index.php?rest_route=%2Fwp%2Fv2%2Ftags&post=117444"}],"curies":[{"name":"wp","href":"https:\/\/api.w.org\/{rel}","templated":true}]}}