{"id":117440,"date":"2018-09-03T09:46:16","date_gmt":"2018-09-03T12:46:16","guid":{"rendered":"https:\/\/diarioregionaldigital.com.br\/?p=117440"},"modified":"2018-09-03T09:46:16","modified_gmt":"2018-09-03T12:46:16","slug":"times-campeoes-da-copa-juiz-de-fora-de-futebol-amador-recebem-uniformes","status":"publish","type":"post","link":"https:\/\/diarioregionaldigital.com.br\/?p=117440","title":{"rendered":"Times campe\u00f5es da Copa Juiz de Fora de Futebol Amador recebem uniformes"},"content":{"rendered":"<p>Dia de vestir a camisa para as equipes campe\u00e3s da Copa Juiz de Fora de Futebol Amador, organizada pela Secretaria de Esporte e Lazer (SEL) da Prefeitura de Juiz de Fora (PJF), em parceria com as Comiss\u00f5es de Administra\u00e7\u00e3o de Espa\u00e7os Municipais (Caems), que cuidam dos campos de v\u00e1rzea. Na manh\u00e3 de sexta-feira, 31, o prefeito Ant\u00f4nio Almas entregou os uniformes, com camisas, cal\u00e7\u00f5es e meias, para representantes do Arsenal Mundo Novo, que venceu na categoria adulto; Dominados Futebol Clube, veterano; Botafoguinho Futebol Clube, supermaster e JF Bola Show, s\u00eanior.<\/p>\n<p>Para Luiz Carlos \u201cVi\u201d da Silva, da Caem S\u00e3o Benedito, a import\u00e2ncia de eventos como este \u00e9 o fato de unir as comunidades em todas as Caems. A equipe Dominados, bicampe\u00e3, por exemplo, \u00e9 motivada para os campeonatos. \u201cSempre entramos para ganhar\u201d, diz o goleiro Manoel Eduardo da Silva. J\u00e1 o Botafoguinho Futebol Clube, que est\u00e1 completando 50 anos de hist\u00f3ria, recebe o jogo de uniformes pela quinta vez. \u201cCome\u00e7amos a jogar como veteranos, passamos pelo master e chegamos ao supermaster agora\u201d, revela Eduardo Policarpo, mais conhecido nos campos como \u201cDudu\u201d.<\/p>\n<p>O torneio tem arbitragem e apoio da Liga de Futebol de Juiz de Fora e levou cerca de 2.200 atletas, em 292 jogos, aos campos do Lacet, Cer\u00e2mica, Milho Branco, Progresso, Linhares, Polivalente e S\u00e3o Benedito.<\/p>\n<p><strong>Fonte: Assessoria\/SEL<\/strong><\/p>\n","protected":false},"excerpt":{"rendered":"<p>Dia de vestir a camisa para as equipes campe\u00e3s da Copa Juiz de Fora de Futebol Amador, organizada pela Secretaria de Esporte e Lazer (SEL) da Prefeitura de Juiz de Fora (PJF), em parceria com as Comiss\u00f5es de Administra\u00e7\u00e3o de Espa\u00e7os Municipais (Caems), que cuidam dos campos de v\u00e1rzea. Na manh\u00e3 de sexta-feira, 31, o [&hellip;]<\/p>\n","protected":false},"author":96,"featured_media":117442,"comment_status":"closed","ping_status":"closed","sticky":false,"template":"","format":"standard","meta":{"footnotes":""},"categories":[257,439],"tags":[],"class_list":["post-117440","post","type-post","status-publish","format-standard","has-post-thumbnail","hentry","category-esporte","category-ultima-hora"],"_links":{"self":[{"href":"https:\/\/diarioregionaldigital.com.br\/index.php?rest_route=\/wp\/v2\/posts\/117440","targetHints":{"allow":["GET"]}}],"collection":[{"href":"https:\/\/diarioregionaldigital.com.br\/index.php?rest_route=\/wp\/v2\/posts"}],"about":[{"href":"https:\/\/diarioregionaldigital.com.br\/index.php?rest_route=\/wp\/v2\/types\/post"}],"author":[{"embeddable":true,"href":"https:\/\/diarioregionaldigital.com.br\/index.php?rest_route=\/wp\/v2\/users\/96"}],"replies":[{"embeddable":true,"href":"https:\/\/diarioregionaldigital.com.br\/index.php?rest_route=%2Fwp%2Fv2%2Fcomments&post=117440"}],"version-history":[{"count":0,"href":"https:\/\/diarioregionaldigital.com.br\/index.php?rest_route=\/wp\/v2\/posts\/117440\/revisions"}],"wp:featuredmedia":[{"embeddable":true,"href":"https:\/\/diarioregionaldigital.com.br\/index.php?rest_route=\/wp\/v2\/media\/117442"}],"wp:attachment":[{"href":"https:\/\/diarioregionaldigital.com.br\/index.php?rest_route=%2Fwp%2Fv2%2Fmedia&parent=117440"}],"wp:term":[{"taxonomy":"category","embeddable":true,"href":"https:\/\/diarioregionaldigital.com.br\/index.php?rest_route=%2Fwp%2Fv2%2Fcategories&post=117440"},{"taxonomy":"post_tag","embeddable":true,"href":"https:\/\/diarioregionaldigital.com.br\/index.php?rest_route=%2Fwp%2Fv2%2Ftags&post=117440"}],"curies":[{"name":"wp","href":"https:\/\/api.w.org\/{rel}","templated":true}]}}