{"id":117433,"date":"2018-09-03T09:31:00","date_gmt":"2018-09-03T12:31:00","guid":{"rendered":"https:\/\/diarioregionaldigital.com.br\/?p=117433"},"modified":"2018-09-04T08:14:40","modified_gmt":"2018-09-04T11:14:40","slug":"apos-incendio-em-museu-governo-faz-reuniao-no-planalto","status":"publish","type":"post","link":"https:\/\/diarioregionaldigital.com.br\/?p=117433","title":{"rendered":"Ap\u00f3s inc\u00eandio em museu, governo faz reuni\u00e3o no Planalto"},"content":{"rendered":"<p>O presidente Michel Temer se re\u00fane nesta ter\u00e7a-feira, 4, no Pal\u00e1cio do Planalto, com ministros, secret\u00e1rios, coordenadores e os presidentes do Banco Nacional de Desenvolvimento Econ\u00f4mico e Social (BNDES), da Caixa Econ\u00f4mica e do Banco do Brasil. A reuni\u00e3o ocorre dois dias ap\u00f3s o inc\u00eandio que atingiu o Museu Nacional do Rio de Janeiro, destruindo 90% do acervo hist\u00f3rico, cient\u00edfico e art\u00edstico.<\/p>\n<p>Ap\u00f3s o inc\u00eandio no domingo, 2, a comunidade art\u00edstica e intelectual cobrou explica\u00e7\u00f5es de autoridades p\u00fablicas, alegando que houve alertas sobre os problemas de infraestrutura e manuten\u00e7\u00e3o do local, que colocavam em risco os mais de 20 milh\u00f5es de itens expostos. Inicialmente, apenas para a reconstru\u00e7\u00e3o f\u00edsica do pr\u00e9dio, dever\u00e3o ser investidos R$ 15 milh\u00f5es.<\/p>\n<p>Ontem, 3, no Rio de Janeiro, os ministros Rossieli Soares da Silva (Educa\u00e7\u00e3o) e S\u00e9rgio S\u00e1 Leit\u00e3o (Cultura) anunciaram a cria\u00e7\u00e3o de um grupo de trabalho para reunir parcerias em torno da recupera\u00e7\u00e3o do museu. Por\u00e9m, pe\u00e7as raras se perderam. O esfor\u00e7o, no primeiro momento, ser\u00e1 para a reconstru\u00e7\u00e3o do edif\u00edcio.<\/p>\n<p>O Museu Nacional, localizado na Quinta da Boa Vista, \u00e9 vinculado \u00e0 Universidade Federal do Rio de Janeiro (UFRJ), que faz parte do Minist\u00e9rio da Educa\u00e7\u00e3o. Por\u00e9m, o Instituto Brasileiro de Museus (Ibram) \u00e9 ligado ao Minist\u00e9rio da Cultura.<\/p>\n<p>Em junho, o BNDES assinou contrato para o repasse de R$ 21,7 milh\u00f5es para a terceira fase do plano de investimento de revitaliza\u00e7\u00e3o do museu. No entanto, de acordo com a \u00a0interpreta\u00e7\u00e3o da institui\u00e7\u00e3o sobre a lei eleitoral impediu a libera\u00e7\u00e3o dos recursos para o Museu Nacional.<\/p>\n<p><strong>Reuni\u00e3o<\/strong><\/p>\n<p>Dever\u00e3o participar da reuni\u00e3o, no Planalto, os ministros Eliseu Padilha (Casa Civil), Rossieli Soares da Silva (Educa\u00e7\u00e3o), S\u00e9rgio S\u00e1 Leit\u00e3o (Cultura), Esteves Colnago (Planejamento, Desenvolvimento e Gest\u00e3o) e Sergio Etchegoyen (Gabinete de Seguran\u00e7a Institucional da Presid\u00eancia da Rep\u00fablica).<\/p>\n<p>Tamb\u00e9m s\u00e3o esperados os secret\u00e1rios Georges Soares (Or\u00e7amento Federal do Minist\u00e9rio do Planejamento, Desenvolvimento e Gest\u00e3o), J\u00falio Alexandre (Planejamento e Assuntos Econ\u00f4micos do Minist\u00e9rio do Planejamento, Desenvolvimento e Gest\u00e3o), e Sidrack Oliveira (Patrim\u00f4nio da Uni\u00e3o do Minist\u00e9rio do Planejamento, Desenvolvimento e Gest\u00e3o).<\/p>\n<p>Devem participar ainda os presidentes do Banco do Brasil, Paulo Rog\u00e9rio Caffarelli, do BNDES, Dyogo Oliveira, e da Caixa Econ\u00f4mica Federal, Nelson Ant\u00f4nio de Souza, al\u00e9m do diretor da Secretaria de Educa\u00e7\u00e3o Superior do Minist\u00e9rio da Educa\u00e7\u00e3o, Mauro Luiz Rabelo, e do coordenador da Subsecretaria de Planejamento e Or\u00e7amento do Minist\u00e9rio da Educa\u00e7\u00e3o, Adalton Rocha de Matos.<\/p>\n<h3><strong>Acervo<\/strong><\/h3>\n<p>O Museu Nacional do Rio reunia um acervo de mais de 20 milh\u00f5es de itens dos mais variados temas, cole\u00e7\u00f5es de geologia, paleontologia, bot\u00e2nica, zoologia e arqueologia. No local, estava a maior cole\u00e7\u00e3o de m\u00famias eg\u00edpcias das Am\u00e9ricas.<\/p>\n<p>No local, tamb\u00e9m estava Luzia, o mais antigo f\u00f3ssil humano encontrado nas Am\u00e9ricas, que remete a 12 mil anos, e representa uma jovem de 20 a 24 anos. No museu, havia ainda o esqueleto do Maxakalisaurus topai, maior dinossauro encontrado no Brasil.<\/p>\n<p>O museu \u00e9 a mais antiga institui\u00e7\u00e3o hist\u00f3rica do pa\u00eds, pois foi fundado por dom Jo\u00e3o VI em 1818. \u00c9 vinculado \u00e0 Universidade Federal do Rio de Janeiro (UFRJ), com perfil acad\u00eamico e cient\u00edfico. Tem nota elevada nos institutos de pesquisa por reunir pe\u00e7as raras, como esqueletos de animais pr\u00e9-hist\u00f3ricos e m\u00famias.<\/p>\n<h3><strong>Hist\u00f3ria<\/strong><\/h3>\n<p>O local foi sede da primeira Assembleia Constituinte Republicana de 1889 a 1891, antes de ser destinado ao uso do museu, em 1892. O edif\u00edcio \u00e9 tombado pelo Instituto do Patrim\u00f4nio Hist\u00f3rico e Art\u00edstico Nacional (Iphan).<\/p>\n<p>O Museu Nacional do Rio oferece cursos de extens\u00e3o e p\u00f3s-gradua\u00e7\u00e3o em v\u00e1rias \u00e1reas de conhecimento. Para esta semana, era esperado um debate sobre a independ\u00eancia do pa\u00eds. No pr\u00f3ximo m\u00eas, estava previsto o IV Simp\u00f3sio Brasileiro de Paleontoinvertebrados no local.<\/p>\n<p><em>Fonte: Ag\u00eancia Brasil<\/em><\/p>\n","protected":false},"excerpt":{"rendered":"<p>O presidente Michel Temer se re\u00fane nesta ter\u00e7a-feira, 4, no Pal\u00e1cio do Planalto, com ministros, secret\u00e1rios, coordenadores e os presidentes do Banco Nacional de Desenvolvimento Econ\u00f4mico e Social (BNDES), da Caixa Econ\u00f4mica e do Banco do Brasil. A reuni\u00e3o ocorre dois dias ap\u00f3s o inc\u00eandio que atingiu o Museu Nacional do Rio de Janeiro, destruindo [&hellip;]<\/p>\n","protected":false},"author":96,"featured_media":0,"comment_status":"closed","ping_status":"closed","sticky":false,"template":"","format":"standard","meta":{"footnotes":""},"categories":[302,436,440,439],"tags":[],"class_list":["post-117433","post","type-post","status-publish","format-standard","hentry","category-brasil-mundo","category-destaque-da-semana","category-destaques-do-dia","category-ultima-hora"],"_links":{"self":[{"href":"https:\/\/diarioregionaldigital.com.br\/index.php?rest_route=\/wp\/v2\/posts\/117433","targetHints":{"allow":["GET"]}}],"collection":[{"href":"https:\/\/diarioregionaldigital.com.br\/index.php?rest_route=\/wp\/v2\/posts"}],"about":[{"href":"https:\/\/diarioregionaldigital.com.br\/index.php?rest_route=\/wp\/v2\/types\/post"}],"author":[{"embeddable":true,"href":"https:\/\/diarioregionaldigital.com.br\/index.php?rest_route=\/wp\/v2\/users\/96"}],"replies":[{"embeddable":true,"href":"https:\/\/diarioregionaldigital.com.br\/index.php?rest_route=%2Fwp%2Fv2%2Fcomments&post=117433"}],"version-history":[{"count":0,"href":"https:\/\/diarioregionaldigital.com.br\/index.php?rest_route=\/wp\/v2\/posts\/117433\/revisions"}],"wp:attachment":[{"href":"https:\/\/diarioregionaldigital.com.br\/index.php?rest_route=%2Fwp%2Fv2%2Fmedia&parent=117433"}],"wp:term":[{"taxonomy":"category","embeddable":true,"href":"https:\/\/diarioregionaldigital.com.br\/index.php?rest_route=%2Fwp%2Fv2%2Fcategories&post=117433"},{"taxonomy":"post_tag","embeddable":true,"href":"https:\/\/diarioregionaldigital.com.br\/index.php?rest_route=%2Fwp%2Fv2%2Ftags&post=117433"}],"curies":[{"name":"wp","href":"https:\/\/api.w.org\/{rel}","templated":true}]}}