{"id":117429,"date":"2018-09-03T08:45:03","date_gmt":"2018-09-03T11:45:03","guid":{"rendered":"https:\/\/diarioregionaldigital.com.br\/?p=117429"},"modified":"2018-09-03T09:09:06","modified_gmt":"2018-09-03T12:09:06","slug":"mulher-e-assaltada-no-bairro-jk-em-juiz-de-fora","status":"publish","type":"post","link":"https:\/\/diarioregionaldigital.com.br\/?p=117429","title":{"rendered":"Mulher \u00e9 assaltada no bairro JK, em Juiz de Fora"},"content":{"rendered":"<p>Na manh\u00e3 desse domingo, 2, uma mulher, de 34 anos, foi assaltada na Rua Jos\u00e9 Teodoro dos Santos, no bairro JK, regi\u00e3o Sudeste de Juiz de Fora. Segundo relato da v\u00edtima \u00e0 Pol\u00edcia Militar (PM), ela passava pela rua quando foi abordada por um homem que, ap\u00f3s empurr\u00e1-la de forma brusca, conseguiu roubar a carteira dela contendo documentos pessoais e R$150.<\/p>\n<p>A PM realizou rastreamento na regi\u00e3o e localizou o assaltante em um im\u00f3vel abandonado no mesmo bairro. No local, o autor, de 31 anos, estava consumindo drogas. Com ele, foram encontrados a carteira da v\u00edtima, 68 buchas de subst\u00e2ncia semelhante \u00e0 maconha, uma balan\u00e7a de precis\u00e3o e uma pedra de crack. O homem foi preso em flagrante.<\/p>\n","protected":false},"excerpt":{"rendered":"<p>Na manh\u00e3 desse domingo, 2, uma mulher, de 34 anos, foi assaltada na Rua Jos\u00e9 Teodoro dos Santos, no bairro JK, regi\u00e3o Sudeste de Juiz de Fora. Segundo relato da v\u00edtima \u00e0 Pol\u00edcia Militar (PM), ela passava pela rua quando foi abordada por um homem que, ap\u00f3s empurr\u00e1-la de forma brusca, conseguiu roubar a carteira [&hellip;]<\/p>\n","protected":false},"author":96,"featured_media":97342,"comment_status":"closed","ping_status":"closed","sticky":false,"template":"","format":"standard","meta":{"footnotes":""},"categories":[301],"tags":[],"class_list":["post-117429","post","type-post","status-publish","format-standard","has-post-thumbnail","hentry","category-artigos-policiais"],"_links":{"self":[{"href":"https:\/\/diarioregionaldigital.com.br\/index.php?rest_route=\/wp\/v2\/posts\/117429","targetHints":{"allow":["GET"]}}],"collection":[{"href":"https:\/\/diarioregionaldigital.com.br\/index.php?rest_route=\/wp\/v2\/posts"}],"about":[{"href":"https:\/\/diarioregionaldigital.com.br\/index.php?rest_route=\/wp\/v2\/types\/post"}],"author":[{"embeddable":true,"href":"https:\/\/diarioregionaldigital.com.br\/index.php?rest_route=\/wp\/v2\/users\/96"}],"replies":[{"embeddable":true,"href":"https:\/\/diarioregionaldigital.com.br\/index.php?rest_route=%2Fwp%2Fv2%2Fcomments&post=117429"}],"version-history":[{"count":0,"href":"https:\/\/diarioregionaldigital.com.br\/index.php?rest_route=\/wp\/v2\/posts\/117429\/revisions"}],"wp:featuredmedia":[{"embeddable":true,"href":"https:\/\/diarioregionaldigital.com.br\/index.php?rest_route=\/wp\/v2\/media\/97342"}],"wp:attachment":[{"href":"https:\/\/diarioregionaldigital.com.br\/index.php?rest_route=%2Fwp%2Fv2%2Fmedia&parent=117429"}],"wp:term":[{"taxonomy":"category","embeddable":true,"href":"https:\/\/diarioregionaldigital.com.br\/index.php?rest_route=%2Fwp%2Fv2%2Fcategories&post=117429"},{"taxonomy":"post_tag","embeddable":true,"href":"https:\/\/diarioregionaldigital.com.br\/index.php?rest_route=%2Fwp%2Fv2%2Ftags&post=117429"}],"curies":[{"name":"wp","href":"https:\/\/api.w.org\/{rel}","templated":true}]}}