{"id":117423,"date":"2018-09-03T08:06:05","date_gmt":"2018-09-03T11:06:05","guid":{"rendered":"https:\/\/diarioregionaldigital.com.br\/?p=117423"},"modified":"2018-09-03T08:10:10","modified_gmt":"2018-09-03T11:10:10","slug":"assaltante-e-preso-apos-roubar-jovem-no-centro-de-juiz-de-fora","status":"publish","type":"post","link":"https:\/\/diarioregionaldigital.com.br\/?p=117423","title":{"rendered":"Assaltante \u00e9 preso ap\u00f3s roubar jovem no Centro de Juiz de Fora"},"content":{"rendered":"<p>Um homem, de 24 anos, foi preso pela Pol\u00edcia Militar na tarde desse domingo, 2, por roubo tentado em uma das principais avenidas do Centro de Juiz de Fora: a Get\u00falio Vargas. De acordo com registro de ocorr\u00eancia, uma jovem, de 21 anos, passava pela via segurando o celular nas m\u00e3os quando foi surpreendida pelo homem. \u00a0Ele a segurou pelos bra\u00e7os e, com brutalidade, puxou o telefone dela e a empurrou no ch\u00e3o. Ap\u00f3s o crime, o autor fugiu.<\/p>\n<p>A PM realizou rastreamento na \u00e1rea e, com as caracter\u00edsticas do assaltante passadas pela mulher, conseguiu prender o rapaz, de 24 anos, na Rua Halfeld, tamb\u00e9m na regi\u00e3o central da cidade. Ele foi conduzido \u00e0 delegacia e o aparelho celular foi recuperado.<\/p>\n","protected":false},"excerpt":{"rendered":"<p>Um homem, de 24 anos, foi preso pela Pol\u00edcia Militar na tarde desse domingo, 2, por roubo tentado em uma das principais avenidas do Centro de Juiz de Fora: a Get\u00falio Vargas. De acordo com registro de ocorr\u00eancia, uma jovem, de 21 anos, passava pela via segurando o celular nas m\u00e3os quando foi surpreendida pelo [&hellip;]<\/p>\n","protected":false},"author":96,"featured_media":95836,"comment_status":"closed","ping_status":"closed","sticky":false,"template":"","format":"standard","meta":{"footnotes":""},"categories":[301],"tags":[],"class_list":["post-117423","post","type-post","status-publish","format-standard","has-post-thumbnail","hentry","category-artigos-policiais"],"_links":{"self":[{"href":"https:\/\/diarioregionaldigital.com.br\/index.php?rest_route=\/wp\/v2\/posts\/117423","targetHints":{"allow":["GET"]}}],"collection":[{"href":"https:\/\/diarioregionaldigital.com.br\/index.php?rest_route=\/wp\/v2\/posts"}],"about":[{"href":"https:\/\/diarioregionaldigital.com.br\/index.php?rest_route=\/wp\/v2\/types\/post"}],"author":[{"embeddable":true,"href":"https:\/\/diarioregionaldigital.com.br\/index.php?rest_route=\/wp\/v2\/users\/96"}],"replies":[{"embeddable":true,"href":"https:\/\/diarioregionaldigital.com.br\/index.php?rest_route=%2Fwp%2Fv2%2Fcomments&post=117423"}],"version-history":[{"count":0,"href":"https:\/\/diarioregionaldigital.com.br\/index.php?rest_route=\/wp\/v2\/posts\/117423\/revisions"}],"wp:featuredmedia":[{"embeddable":true,"href":"https:\/\/diarioregionaldigital.com.br\/index.php?rest_route=\/wp\/v2\/media\/95836"}],"wp:attachment":[{"href":"https:\/\/diarioregionaldigital.com.br\/index.php?rest_route=%2Fwp%2Fv2%2Fmedia&parent=117423"}],"wp:term":[{"taxonomy":"category","embeddable":true,"href":"https:\/\/diarioregionaldigital.com.br\/index.php?rest_route=%2Fwp%2Fv2%2Fcategories&post=117423"},{"taxonomy":"post_tag","embeddable":true,"href":"https:\/\/diarioregionaldigital.com.br\/index.php?rest_route=%2Fwp%2Fv2%2Ftags&post=117423"}],"curies":[{"name":"wp","href":"https:\/\/api.w.org\/{rel}","templated":true}]}}