{"id":117420,"date":"2018-09-03T07:55:21","date_gmt":"2018-09-03T10:55:21","guid":{"rendered":"https:\/\/diarioregionaldigital.com.br\/?p=117420"},"modified":"2018-09-03T08:37:47","modified_gmt":"2018-09-03T11:37:47","slug":"homens-passam-de-carro-atirando-em-rua-do-bairro-sao-benedito","status":"publish","type":"post","link":"https:\/\/diarioregionaldigital.com.br\/?p=117420","title":{"rendered":"Homens passam de carro atirando em rua do bairro S\u00e3o Benedito"},"content":{"rendered":"<p>Na manh\u00e3 desse domingo, 2, a Pol\u00edcia Militar (PM) registrou disparos de arma de fogo no bairro S\u00e3o Benedito, na zona Leste de Juiz de Fora. Segundo moradores da regi\u00e3o, por volta de 11h30, homens em um carro preto passaram atirando pela rua Jos\u00e9 Zacarias dos Santos. No local, foram encontradas pela PM diversas c\u00e1psulas deflagradas de arma de fogo.<\/p>\n<p>Segundo o registro de ocorr\u00eancia, os disparos atingiram um ve\u00edculo que estava estacionado na rua e tamb\u00e9m o port\u00e3o de uma resid\u00eancia. Ningu\u00e9m ficou ferido.<\/p>\n","protected":false},"excerpt":{"rendered":"<p>Na manh\u00e3 desse domingo, 2, a Pol\u00edcia Militar (PM) registrou disparos de arma de fogo no bairro S\u00e3o Benedito, na zona Leste de Juiz de Fora. Segundo moradores da regi\u00e3o, por volta de 11h30, homens em um carro preto passaram atirando pela rua Jos\u00e9 Zacarias dos Santos. No local, foram encontradas pela PM diversas c\u00e1psulas [&hellip;]<\/p>\n","protected":false},"author":96,"featured_media":95836,"comment_status":"closed","ping_status":"closed","sticky":false,"template":"","format":"standard","meta":{"footnotes":""},"categories":[301],"tags":[],"class_list":["post-117420","post","type-post","status-publish","format-standard","has-post-thumbnail","hentry","category-artigos-policiais"],"_links":{"self":[{"href":"https:\/\/diarioregionaldigital.com.br\/index.php?rest_route=\/wp\/v2\/posts\/117420","targetHints":{"allow":["GET"]}}],"collection":[{"href":"https:\/\/diarioregionaldigital.com.br\/index.php?rest_route=\/wp\/v2\/posts"}],"about":[{"href":"https:\/\/diarioregionaldigital.com.br\/index.php?rest_route=\/wp\/v2\/types\/post"}],"author":[{"embeddable":true,"href":"https:\/\/diarioregionaldigital.com.br\/index.php?rest_route=\/wp\/v2\/users\/96"}],"replies":[{"embeddable":true,"href":"https:\/\/diarioregionaldigital.com.br\/index.php?rest_route=%2Fwp%2Fv2%2Fcomments&post=117420"}],"version-history":[{"count":0,"href":"https:\/\/diarioregionaldigital.com.br\/index.php?rest_route=\/wp\/v2\/posts\/117420\/revisions"}],"wp:featuredmedia":[{"embeddable":true,"href":"https:\/\/diarioregionaldigital.com.br\/index.php?rest_route=\/wp\/v2\/media\/95836"}],"wp:attachment":[{"href":"https:\/\/diarioregionaldigital.com.br\/index.php?rest_route=%2Fwp%2Fv2%2Fmedia&parent=117420"}],"wp:term":[{"taxonomy":"category","embeddable":true,"href":"https:\/\/diarioregionaldigital.com.br\/index.php?rest_route=%2Fwp%2Fv2%2Fcategories&post=117420"},{"taxonomy":"post_tag","embeddable":true,"href":"https:\/\/diarioregionaldigital.com.br\/index.php?rest_route=%2Fwp%2Fv2%2Ftags&post=117420"}],"curies":[{"name":"wp","href":"https:\/\/api.w.org\/{rel}","templated":true}]}}