{"id":117412,"date":"2018-09-01T13:23:56","date_gmt":"2018-09-01T16:23:56","guid":{"rendered":"https:\/\/diarioregionaldigital.com.br\/?p=117412"},"modified":"2018-09-01T13:23:56","modified_gmt":"2018-09-01T16:23:56","slug":"presidenciaveis-arrecadaram-r-1098-milhoes-mostra-tse","status":"publish","type":"post","link":"https:\/\/diarioregionaldigital.com.br\/?p=117412","title":{"rendered":"Presidenci\u00e1veis arrecadaram R$ 109,8 milh\u00f5es, mostra TSE"},"content":{"rendered":"<p>At\u00e9 nessa sexta-feira, 31, dez dos 13 candidatos \u00e0 Presid\u00eancia da Rep\u00fablica declararam ao Tribunal Superior Eleitoral (TSE) que arrecadaram mais de R$ 109,8 milh\u00f5es.<\/p>\n<p>O maior volume \u2013 40,8% \u2013\u00a0\u00e9 do tucano Geraldo Alckmin, que informou\u00a0ter\u00a0recebido R$ 44,8 milh\u00f5es da dire\u00e7\u00e3o nacional do PSDB. A menor arrecada\u00e7\u00e3o declarada at\u00e9 o momento foi a da candidata Vera L\u00facia: R$ 50 mil recebidos do diret\u00f3rio nacional do PSTU.<\/p>\n<p>Os partidos que formam as coliga\u00e7\u00f5es dos candidatos s\u00e3o as principais fontes de recursos at\u00e9 o momento, com 80,5% do total declarado.<\/p>\n<p>A doa\u00e7\u00e3o por pessoas f\u00edsicas, por sua vez, \u00e9 respons\u00e1vel por 18,8% do arrecadado, segundo os dados mais recentes. Nesse quesito, Henrique Meirelles (MDB) foi o que mais arrecadou: R$ 20 milh\u00f5es doados para si mesmo. Ele declarou um patrim\u00f4nio total de R$ 377, 5 milh\u00f5es.<\/p>\n<p>Neste ano, o autofinanciamento est\u00e1 permitido e, caso queira, o candidato pode pagar at\u00e9 a integralidade de seus gastos de campanha, observado o teto de R$ 70 milh\u00f5es no primeiro turno e de R$ 35 milh\u00f5es no segundo.<\/p>\n<p>Com patrim\u00f4nio declarado de R$ 425 milh\u00f5es, Jo\u00e3o Amo\u00eado (Novo) informou ainda n\u00e3o ter transferido dinheiro do pr\u00f3prio bolso para a campanha. Por outro lado, recebeu R$ 308 mil de financiamento coletivo, modalidade permitida pela primeira vez pela legisla\u00e7\u00e3o eleitoral.<\/p>\n<p>Confira abaixo o total arrecadado por cada candidato at\u00e9 a publica\u00e7\u00e3o desta reportagem:<\/p>\n<p>\u00c1lvaro Dias \u2013 R$ 3.710.000,00<\/p>\n<p>Cabo Daciolo \u2013 N\u00e3o informado<\/p>\n<p>Ciro Gomes \u2013 R$ 10.053.649,00<\/p>\n<p>Eymael \u2013 N\u00e3o informado<\/p>\n<p>Geraldo Alckmin \u2013 R$ 44.869.319,41<\/p>\n<p>Guilherme Boulos \u2013 R$ 4.000.000,00<\/p>\n<p>Henrique Meirelles \u2013 R$ 20.000.000,00<\/p>\n<p>Jair Bolsonaro \u2013 N\u00e3o informado<\/p>\n<p>Jo\u00e3o Amo\u00eado &#8211; \u00a0R$521.686,63<\/p>\n<p>Jo\u00e3o Goulart Filho \u2013 R$ 201.800,00<\/p>\n<p>Candidato do PT \u2013 R$ 20.567.771,26<\/p>\n<p>Marina Silva \u2013 R$ 5.850.630,29<\/p>\n<p>Vera L\u00facia \u2013 R$ 50.000,00<\/p>\n<p><em>Fonte: Ag\u00eancia Brasil<\/em><\/p>\n","protected":false},"excerpt":{"rendered":"<p>At\u00e9 nessa sexta-feira, 31, dez dos 13 candidatos \u00e0 Presid\u00eancia da Rep\u00fablica declararam ao Tribunal Superior Eleitoral (TSE) que arrecadaram mais de R$ 109,8 milh\u00f5es. O maior volume \u2013 40,8% \u2013\u00a0\u00e9 do tucano Geraldo Alckmin, que informou\u00a0ter\u00a0recebido R$ 44,8 milh\u00f5es da dire\u00e7\u00e3o nacional do PSDB. A menor arrecada\u00e7\u00e3o declarada at\u00e9 o momento foi a da [&hellip;]<\/p>\n","protected":false},"author":96,"featured_media":115035,"comment_status":"closed","ping_status":"closed","sticky":false,"template":"","format":"standard","meta":{"footnotes":""},"categories":[254,439],"tags":[],"class_list":["post-117412","post","type-post","status-publish","format-standard","has-post-thumbnail","hentry","category-politica","category-ultima-hora"],"_links":{"self":[{"href":"https:\/\/diarioregionaldigital.com.br\/index.php?rest_route=\/wp\/v2\/posts\/117412","targetHints":{"allow":["GET"]}}],"collection":[{"href":"https:\/\/diarioregionaldigital.com.br\/index.php?rest_route=\/wp\/v2\/posts"}],"about":[{"href":"https:\/\/diarioregionaldigital.com.br\/index.php?rest_route=\/wp\/v2\/types\/post"}],"author":[{"embeddable":true,"href":"https:\/\/diarioregionaldigital.com.br\/index.php?rest_route=\/wp\/v2\/users\/96"}],"replies":[{"embeddable":true,"href":"https:\/\/diarioregionaldigital.com.br\/index.php?rest_route=%2Fwp%2Fv2%2Fcomments&post=117412"}],"version-history":[{"count":0,"href":"https:\/\/diarioregionaldigital.com.br\/index.php?rest_route=\/wp\/v2\/posts\/117412\/revisions"}],"wp:featuredmedia":[{"embeddable":true,"href":"https:\/\/diarioregionaldigital.com.br\/index.php?rest_route=\/wp\/v2\/media\/115035"}],"wp:attachment":[{"href":"https:\/\/diarioregionaldigital.com.br\/index.php?rest_route=%2Fwp%2Fv2%2Fmedia&parent=117412"}],"wp:term":[{"taxonomy":"category","embeddable":true,"href":"https:\/\/diarioregionaldigital.com.br\/index.php?rest_route=%2Fwp%2Fv2%2Fcategories&post=117412"},{"taxonomy":"post_tag","embeddable":true,"href":"https:\/\/diarioregionaldigital.com.br\/index.php?rest_route=%2Fwp%2Fv2%2Ftags&post=117412"}],"curies":[{"name":"wp","href":"https:\/\/api.w.org\/{rel}","templated":true}]}}