{"id":117397,"date":"2018-09-01T13:05:10","date_gmt":"2018-09-01T16:05:10","guid":{"rendered":"https:\/\/diarioregionaldigital.com.br\/?p=117397"},"modified":"2018-09-01T13:05:10","modified_gmt":"2018-09-01T16:05:10","slug":"dia-d-da-inclusao-da-pessoa-com-deficiencia-no-mercado-de-trabalho-tem-reuniao-preparatoria","status":"publish","type":"post","link":"https:\/\/diarioregionaldigital.com.br\/?p=117397","title":{"rendered":"\u201cDia D da Inclus\u00e3o da Pessoa com Defici\u00eancia no Mercado de Trabalho\u201d tem reuni\u00e3o preparat\u00f3ria"},"content":{"rendered":"<p>Representantes dos departamentos de Inclus\u00e3o Socioprodutiva e Qualifica\u00e7\u00e3o Profissional (Disq) e de Pol\u00edticas para Pessoa com Defici\u00eancia e Direitos Humanos (DPCDH), ambos da Secretaria de Desenvolvimento Social (SDS) da Prefeitura de Juiz de Fora (PJF), participaram esta semana da primeira reuni\u00e3o preparat\u00f3ria para realiza\u00e7\u00e3o do \u201cDia D da Inclus\u00e3o da Pessoa com Defici\u00eancia no Mercado de Trabalho\u201d, O evento, organizado pela Secretaria de Estado de Trabalho e Desenvolvimento Social (Sedese), acontecer\u00e1 nos dias 13 e 28 de novembro, no Shopping Jardim Norte. O primeiro dia dos eventos ter\u00e1 participa\u00e7\u00e3o de empres\u00e1rios de Juiz de Fora e empresas de tecnologia assistiva (que visa auxiliar pessoas com defici\u00eancia).<\/p>\n<p>No dia 28 ser\u00e3o disponibilizadas novas vagas de emprego, roda de conversa com as fam\u00edlias participantes e acompanhamento. O objetivo da iniciativa \u00e9 fortalecer as pol\u00edticas de empregabilidade para as pessoas com defici\u00eancia, possibilitar a aproxima\u00e7\u00e3o com as empresas, e ampliar o n\u00famero de trabalhadores nesta condi\u00e7\u00e3o no mercado formal de trabalho. Segundo a gerente do DPCDH, Tha\u00eds Altomar, \u201cas vagas ja existem. Mas as pessoas com defici\u00eancia n\u00e3o querem apenas empregos com baixa remunera\u00e7\u00e3o. Elas est\u00e3o se capacitando e merecem mais\u201d.<\/p>\n<p><b>O DPCDH<\/b><\/p>\n<p>Define e coordena as pol\u00edticas de promo\u00e7\u00e3o e defesa de direitos da pessoa com defici\u00eancia no \u00e2mbito municipal e articula a\u00e7\u00f5es de direitos humanos e cidadania, independente de g\u00eanero, etnia ou cren\u00e7a. Atua na defesa e divulga\u00e7\u00e3o de direitos, na pol\u00edtica municipal de transporte adaptado e no benef\u00edcio \u201cPasse Livre\u201d, na capacita\u00e7\u00e3o e qualifica\u00e7\u00e3o profissional e no interc\u00e2mbio com as secretarias municipais, entidades e sociedade civil, bem como na promo\u00e7\u00e3o da acessibilidade.<\/p>\n<p><em>Fonte: PJF<\/em><\/p>\n","protected":false},"excerpt":{"rendered":"<p>Representantes dos departamentos de Inclus\u00e3o Socioprodutiva e Qualifica\u00e7\u00e3o Profissional (Disq) e de Pol\u00edticas para Pessoa com Defici\u00eancia e Direitos Humanos (DPCDH), ambos da Secretaria de Desenvolvimento Social (SDS) da Prefeitura de Juiz de Fora (PJF), participaram esta semana da primeira reuni\u00e3o preparat\u00f3ria para realiza\u00e7\u00e3o do \u201cDia D da Inclus\u00e3o da Pessoa com Defici\u00eancia no Mercado [&hellip;]<\/p>\n","protected":false},"author":96,"featured_media":0,"comment_status":"closed","ping_status":"closed","sticky":false,"template":"","format":"standard","meta":{"footnotes":""},"categories":[253,439],"tags":[],"class_list":["post-117397","post","type-post","status-publish","format-standard","hentry","category-cidade","category-ultima-hora"],"_links":{"self":[{"href":"https:\/\/diarioregionaldigital.com.br\/index.php?rest_route=\/wp\/v2\/posts\/117397","targetHints":{"allow":["GET"]}}],"collection":[{"href":"https:\/\/diarioregionaldigital.com.br\/index.php?rest_route=\/wp\/v2\/posts"}],"about":[{"href":"https:\/\/diarioregionaldigital.com.br\/index.php?rest_route=\/wp\/v2\/types\/post"}],"author":[{"embeddable":true,"href":"https:\/\/diarioregionaldigital.com.br\/index.php?rest_route=\/wp\/v2\/users\/96"}],"replies":[{"embeddable":true,"href":"https:\/\/diarioregionaldigital.com.br\/index.php?rest_route=%2Fwp%2Fv2%2Fcomments&post=117397"}],"version-history":[{"count":0,"href":"https:\/\/diarioregionaldigital.com.br\/index.php?rest_route=\/wp\/v2\/posts\/117397\/revisions"}],"wp:attachment":[{"href":"https:\/\/diarioregionaldigital.com.br\/index.php?rest_route=%2Fwp%2Fv2%2Fmedia&parent=117397"}],"wp:term":[{"taxonomy":"category","embeddable":true,"href":"https:\/\/diarioregionaldigital.com.br\/index.php?rest_route=%2Fwp%2Fv2%2Fcategories&post=117397"},{"taxonomy":"post_tag","embeddable":true,"href":"https:\/\/diarioregionaldigital.com.br\/index.php?rest_route=%2Fwp%2Fv2%2Ftags&post=117397"}],"curies":[{"name":"wp","href":"https:\/\/api.w.org\/{rel}","templated":true}]}}