{"id":117293,"date":"2018-08-31T06:18:01","date_gmt":"2018-08-31T09:18:01","guid":{"rendered":"https:\/\/diarioregionaldigital.com.br\/?p=117293"},"modified":"2018-08-31T11:35:05","modified_gmt":"2018-08-31T14:35:05","slug":"homem-e-executado-na-zona-norte-de-juiz-de-fora","status":"publish","type":"post","link":"https:\/\/diarioregionaldigital.com.br\/?p=117293","title":{"rendered":"Homem \u00e9 executado na Zona Norte de Juiz de Fora"},"content":{"rendered":"<p>Na manh\u00e3 desta sexta-feira, 31, um homem foi executado no bairro Igrejinha, na Zona Norte de Juiz de Fora.\u00a0O caso foi registrado na Rua Arn\u00f4 Krambeck Duque, que fica na entrada do bairro, pr\u00f3ximo \u00e0 BR-040. De acordo com as primeiras informa\u00e7\u00f5es da Policia Militar, os quatros suspeitos estavam em um ve\u00edculo.<\/p>\n<p>De acordo com populares a v\u00edtima teria recebido cerca de 20 tiros, entretanto ser\u00e1 necess\u00e1ria a per\u00edcia para confirmar os dados.<\/p>\n<p>Um dos autores foi identificado mas ainda n\u00e3o foi localizado.<\/p>\n<p>&nbsp;<\/p>\n","protected":false},"excerpt":{"rendered":"<p>Na manh\u00e3 desta sexta-feira, 31, um homem foi executado no bairro Igrejinha, na Zona Norte de Juiz de Fora.\u00a0O caso foi registrado na Rua Arn\u00f4 Krambeck Duque, que fica na entrada do bairro, pr\u00f3ximo \u00e0 BR-040. De acordo com as primeiras informa\u00e7\u00f5es da Policia Militar, os quatros suspeitos estavam em um ve\u00edculo. De acordo com [&hellip;]<\/p>\n","protected":false},"author":96,"featured_media":0,"comment_status":"closed","ping_status":"closed","sticky":false,"template":"","format":"standard","meta":{"footnotes":""},"categories":[301,436,440,1,439],"tags":[],"class_list":["post-117293","post","type-post","status-publish","format-standard","hentry","category-artigos-policiais","category-destaque-da-semana","category-destaques-do-dia","category-sem-categoria","category-ultima-hora"],"_links":{"self":[{"href":"https:\/\/diarioregionaldigital.com.br\/index.php?rest_route=\/wp\/v2\/posts\/117293","targetHints":{"allow":["GET"]}}],"collection":[{"href":"https:\/\/diarioregionaldigital.com.br\/index.php?rest_route=\/wp\/v2\/posts"}],"about":[{"href":"https:\/\/diarioregionaldigital.com.br\/index.php?rest_route=\/wp\/v2\/types\/post"}],"author":[{"embeddable":true,"href":"https:\/\/diarioregionaldigital.com.br\/index.php?rest_route=\/wp\/v2\/users\/96"}],"replies":[{"embeddable":true,"href":"https:\/\/diarioregionaldigital.com.br\/index.php?rest_route=%2Fwp%2Fv2%2Fcomments&post=117293"}],"version-history":[{"count":0,"href":"https:\/\/diarioregionaldigital.com.br\/index.php?rest_route=\/wp\/v2\/posts\/117293\/revisions"}],"wp:attachment":[{"href":"https:\/\/diarioregionaldigital.com.br\/index.php?rest_route=%2Fwp%2Fv2%2Fmedia&parent=117293"}],"wp:term":[{"taxonomy":"category","embeddable":true,"href":"https:\/\/diarioregionaldigital.com.br\/index.php?rest_route=%2Fwp%2Fv2%2Fcategories&post=117293"},{"taxonomy":"post_tag","embeddable":true,"href":"https:\/\/diarioregionaldigital.com.br\/index.php?rest_route=%2Fwp%2Fv2%2Ftags&post=117293"}],"curies":[{"name":"wp","href":"https:\/\/api.w.org\/{rel}","templated":true}]}}