{"id":117284,"date":"2018-09-02T06:00:17","date_gmt":"2018-09-02T09:00:17","guid":{"rendered":"https:\/\/diarioregionaldigital.com.br\/?p=117284"},"modified":"2018-08-31T10:18:08","modified_gmt":"2018-08-31T13:18:08","slug":"eleicoes-2018-tem-recorde-de-mulheres-candidatas-ao-senado-mas-desigualdade-persiste-2","status":"publish","type":"post","link":"https:\/\/diarioregionaldigital.com.br\/?p=117284","title":{"rendered":"Elei\u00e7\u00f5es 2018 t\u00eam recorde de mulheres candidatas ao Senado, mas desigualdade persiste"},"content":{"rendered":"<p>O n\u00famero de mulheres que concorrem por uma vaga no Senado em 2018 \u00e9 maior do que nas duas \u00faltimas elei\u00e7\u00f5es. Ao todo, 62 candidatas se cadastraram para tentar ocupar as 54 cadeiras em disputa em outubro, conforme dados do Tribunal Superior Eleitoral (TSE).<\/p>\n<p>Em 2014, quando a renova\u00e7\u00e3o foi de um ter\u00e7o das 81 vagas, e em 2010, quando tamb\u00e9m estavam em disputa 54 lugares no Senado, o n\u00famero de candidatas mulheres se manteve praticamente est\u00e1vel: em 2010, foram 36 candidatas registradas e, h\u00e1 quatro anos, 35 concorreram no pleito.<\/p>\n<p>Uma novidade nas elei\u00e7\u00f5es de 2018 \u00e9 a candidatura da primeira mulher trans ao cargo de senadora: Duda Salabert concorre a uma das duas vagas ao Senado por Minas Gerais. Desde mar\u00e7o deste ano, o TSE autorizou candidatos transg\u00eaneros a utilizar seu nome social nas urnas e atualizar sua identidade de g\u00eanero no Cadastro Eleitoral.<\/p>\n<h3><strong>Participa\u00e7\u00e3o<\/strong><\/h3>\n<p>Apesar do crescimento do n\u00famero de mulheres, a participa\u00e7\u00e3o feminina ainda \u00e9 pequena se comparado com o n\u00famero de homens que concorrem ao Senado. No total, 353 candidatos buscam assento na Casa. Desses, 291 s\u00e3o homens, o que representa 82,4% das candidaturas, contra 17,6% do g\u00eanero feminino. A propor\u00e7\u00e3o mudou pouco desde 2010, quando 86,8% dos candidatos eram homens e 13,2% mulheres.<\/p>\n<p>Para os cargos majorit\u00e1rios \u2013 presidente, governadores e senadores \u2013 n\u00e3o se aplica a exig\u00eancia do m\u00ednimo de 30% de candidatos de cada g\u00eanero, como determinado pela Lei das Elei\u00e7\u00f5es (9.504\/97) para cargos proporcionais.<\/p>\n<p>O prazo para registro de candidaturas terminou no15 dia de agosto. As candidaturas aguardam julgamento e podem vir a ser impugnadas. A Justi\u00e7a Eleitoral tem at\u00e9 17 de setembro para analisar e julgar eventuais recursos dos registros, o que pode alterar as estat\u00edsticas.<\/p>\n<p><em>Fonte: Ag\u00eancia Brasil<\/em><\/p>\n<p>&nbsp;<\/p>\n","protected":false},"excerpt":{"rendered":"<p>O n\u00famero de mulheres que concorrem por uma vaga no Senado em 2018 \u00e9 maior do que nas duas \u00faltimas elei\u00e7\u00f5es. Ao todo, 62 candidatas se cadastraram para tentar ocupar as 54 cadeiras em disputa em outubro, conforme dados do Tribunal Superior Eleitoral (TSE). Em 2014, quando a renova\u00e7\u00e3o foi de um ter\u00e7o das 81 [&hellip;]<\/p>\n","protected":false},"author":96,"featured_media":0,"comment_status":"closed","ping_status":"closed","sticky":false,"template":"","format":"standard","meta":{"footnotes":""},"categories":[254,439],"tags":[],"class_list":["post-117284","post","type-post","status-publish","format-standard","hentry","category-politica","category-ultima-hora"],"_links":{"self":[{"href":"https:\/\/diarioregionaldigital.com.br\/index.php?rest_route=\/wp\/v2\/posts\/117284","targetHints":{"allow":["GET"]}}],"collection":[{"href":"https:\/\/diarioregionaldigital.com.br\/index.php?rest_route=\/wp\/v2\/posts"}],"about":[{"href":"https:\/\/diarioregionaldigital.com.br\/index.php?rest_route=\/wp\/v2\/types\/post"}],"author":[{"embeddable":true,"href":"https:\/\/diarioregionaldigital.com.br\/index.php?rest_route=\/wp\/v2\/users\/96"}],"replies":[{"embeddable":true,"href":"https:\/\/diarioregionaldigital.com.br\/index.php?rest_route=%2Fwp%2Fv2%2Fcomments&post=117284"}],"version-history":[{"count":0,"href":"https:\/\/diarioregionaldigital.com.br\/index.php?rest_route=\/wp\/v2\/posts\/117284\/revisions"}],"wp:attachment":[{"href":"https:\/\/diarioregionaldigital.com.br\/index.php?rest_route=%2Fwp%2Fv2%2Fmedia&parent=117284"}],"wp:term":[{"taxonomy":"category","embeddable":true,"href":"https:\/\/diarioregionaldigital.com.br\/index.php?rest_route=%2Fwp%2Fv2%2Fcategories&post=117284"},{"taxonomy":"post_tag","embeddable":true,"href":"https:\/\/diarioregionaldigital.com.br\/index.php?rest_route=%2Fwp%2Fv2%2Ftags&post=117284"}],"curies":[{"name":"wp","href":"https:\/\/api.w.org\/{rel}","templated":true}]}}