{"id":117275,"date":"2018-09-02T06:00:20","date_gmt":"2018-09-02T09:00:20","guid":{"rendered":"https:\/\/diarioregionaldigital.com.br\/?p=117275"},"modified":"2018-08-31T10:01:19","modified_gmt":"2018-08-31T13:01:19","slug":"audiencia-publica-debatera-planos-de-beneficios-das-entidades-fechadas","status":"publish","type":"post","link":"https:\/\/diarioregionaldigital.com.br\/?p=117275","title":{"rendered":"Audi\u00eancia p\u00fablica debater\u00e1 planos de benef\u00edcios das entidades fechadas"},"content":{"rendered":"<p>A Secretaria da Previd\u00eancia anunciou que ser\u00e1 realizada a terceira audi\u00eancia p\u00fablica sobre previd\u00eancia complementar no pr\u00f3ximo dia 28 de setembro, a partir das 9h, em Bras\u00edlia. A portaria de convoca\u00e7\u00e3o foi publicada no Di\u00e1rio Oficial da Uni\u00e3o.<\/p>\n<p>Interessados em participar devem se inscrever pela internet, no per\u00edodo de 3 a 21 de setembro de 2018, na p\u00e1gina da Secretaria de Previd\u00eancia (www.previdencia.gov.br).<\/p>\n<p>A audi\u00eancia ser\u00e1 realizada no audit\u00f3rio do andar t\u00e9rreo do edif\u00edcio-sede da Secretaria de Previd\u00eancia (Esplanada dos Minist\u00e9rios, Bloco F, ao lado do Minist\u00e9rio da Sa\u00fade). As vagas s\u00e3o limitadas \u00e0 capacidade do audit\u00f3rio.<\/p>\n<p>O encontro debater\u00e1 os modelos de planos de previd\u00eancia ofertados, contratados e administrados pelas Entidades Fechadas de Previd\u00eancia Complementar. Em abril e julho deste ano, j\u00e1 ocorreram duas audi\u00eancias p\u00fablicas sobre outros aspectos da previd\u00eancia complementar.<\/p>\n<p>Quem desejar contribuir com propostas deve envi\u00e1-las, at\u00e9 25 de setembro, para o endere\u00e7o eletr\u00f4nico (coeti.sppc@previdencia.gov.br). Cada proposta dever\u00e1 ser encaminhada em um arquivo digital diferente, com a respectiva justificativa e o resultado esperado.<\/p>\n","protected":false},"excerpt":{"rendered":"<p>A Secretaria da Previd\u00eancia anunciou que ser\u00e1 realizada a terceira audi\u00eancia p\u00fablica sobre previd\u00eancia complementar no pr\u00f3ximo dia 28 de setembro, a partir das 9h, em Bras\u00edlia. A portaria de convoca\u00e7\u00e3o foi publicada no Di\u00e1rio Oficial da Uni\u00e3o. Interessados em participar devem se inscrever pela internet, no per\u00edodo de 3 a 21 de setembro de [&hellip;]<\/p>\n","protected":false},"author":96,"featured_media":0,"comment_status":"closed","ping_status":"closed","sticky":false,"template":"","format":"standard","meta":{"footnotes":""},"categories":[261,439],"tags":[],"class_list":["post-117275","post","type-post","status-publish","format-standard","hentry","category-economia","category-ultima-hora"],"_links":{"self":[{"href":"https:\/\/diarioregionaldigital.com.br\/index.php?rest_route=\/wp\/v2\/posts\/117275","targetHints":{"allow":["GET"]}}],"collection":[{"href":"https:\/\/diarioregionaldigital.com.br\/index.php?rest_route=\/wp\/v2\/posts"}],"about":[{"href":"https:\/\/diarioregionaldigital.com.br\/index.php?rest_route=\/wp\/v2\/types\/post"}],"author":[{"embeddable":true,"href":"https:\/\/diarioregionaldigital.com.br\/index.php?rest_route=\/wp\/v2\/users\/96"}],"replies":[{"embeddable":true,"href":"https:\/\/diarioregionaldigital.com.br\/index.php?rest_route=%2Fwp%2Fv2%2Fcomments&post=117275"}],"version-history":[{"count":0,"href":"https:\/\/diarioregionaldigital.com.br\/index.php?rest_route=\/wp\/v2\/posts\/117275\/revisions"}],"wp:attachment":[{"href":"https:\/\/diarioregionaldigital.com.br\/index.php?rest_route=%2Fwp%2Fv2%2Fmedia&parent=117275"}],"wp:term":[{"taxonomy":"category","embeddable":true,"href":"https:\/\/diarioregionaldigital.com.br\/index.php?rest_route=%2Fwp%2Fv2%2Fcategories&post=117275"},{"taxonomy":"post_tag","embeddable":true,"href":"https:\/\/diarioregionaldigital.com.br\/index.php?rest_route=%2Fwp%2Fv2%2Ftags&post=117275"}],"curies":[{"name":"wp","href":"https:\/\/api.w.org\/{rel}","templated":true}]}}