{"id":117232,"date":"2018-09-02T06:00:24","date_gmt":"2018-09-02T09:00:24","guid":{"rendered":"https:\/\/diarioregionaldigital.com.br\/?p=117232"},"modified":"2018-08-30T23:14:43","modified_gmt":"2018-08-31T02:14:43","slug":"elegancia-2","status":"publish","type":"post","link":"https:\/\/diarioregionaldigital.com.br\/?p=117232","title":{"rendered":"Eleg\u00e2ncia"},"content":{"rendered":"<p style=\"text-align: center;\"><strong>Em Alta<\/strong><\/p>\n<p style=\"text-align: center;\">A monarquia foi destaque no Dia do Soldado comemorado no \u00faltimo dia 25 de agosto, no Santa Cruz Shopping.<br \/>\nO C\u00edrculo Mon\u00e1rquico al\u00e9m de apresentar a proposta Mon\u00e1rquica para o Brasil, ainda homenageou os 215 anos de nascimento do Duque de Caxias, Patrono do Ex\u00e9rcito Brasileiro.<\/p>\n<p style=\"text-align: center;\"><strong>Eleg\u00e2ncia<\/strong><\/p>\n<p style=\"text-align: center;\">Com charme parisiense, vieram da Fran\u00e7a, L\u00e9opold Busquet e o filho Ivan, para a inaugura\u00e7\u00e3o do Instituto Busquet, no Alto dos Passos. Hoje eles j\u00e1 est\u00e3o em curso junto com Thiago Barroso, um dos representantes da forma\u00e7\u00e3o no Brasil.<\/p>\n<p style=\"text-align: center;\"><strong>Magistrados<\/strong><\/p>\n<p style=\"text-align: center;\">O diretor do F\u00f3rum Benjamin Colucci, Juiz Paulo Trist\u00e3o, inaugurou no sal\u00e3o do Tribunal do J\u00fari uma galeria de fotos de 116 juizes e desembargadores. Durante a solenidade, o desembargador Luiz Audebert Delage Filho falou em nome dos homenageados, com discurso de esperan\u00e7a de um futuro melhor.<\/p>\n<p style=\"text-align: center;\"><strong>Talento <\/strong><\/p>\n<p style=\"text-align: center;\">Juntando doses de talento, o modelo e ator Daniel Almeida Bisaggio se apresentou com o show \u201cTrio de Cantoria\u201d, na Biblioteca Redentorista da Igreja da Gl\u00f3ria. O evento fez parte do projeto art\u00edstico M\u00fasica na Biblioteca.<\/p>\n<p style=\"text-align: center;\"><strong>Raquete<\/strong><\/p>\n<p style=\"text-align: center;\">Agendado para entre os dias 13 e 16 de setembro, no Clube Dom Pedro II, a Copa Planeta\/Chevrolet de T\u00eanis. Dentre participantes Cristian Lindell, Fabiano de Paula, Osni J\u00fanior, F\u00e1bio Costa e Cristian Oliveira. A coordena\u00e7\u00e3o \u00e9 de Felipe Miana.<\/p>\n<div id=\"attachment_117215\" style=\"width: 690px\" class=\"wp-caption aligncenter\"><img loading=\"lazy\" decoding=\"async\" aria-describedby=\"caption-attachment-117215\" class=\"wp-image-117215\" src=\"https:\/\/diarioregionaldigital.com.br\/wp-content\/uploads\/2018\/08\/fotoa-19-e1535680948413.jpg\" alt=\"\" width=\"680\" height=\"553\" srcset=\"https:\/\/diarioregionaldigital.com.br\/wp-content\/uploads\/2018\/08\/fotoa-19-e1535680948413.jpg 720w, https:\/\/diarioregionaldigital.com.br\/wp-content\/uploads\/2018\/08\/fotoa-19-e1535680948413-300x244.jpg 300w, https:\/\/diarioregionaldigital.com.br\/wp-content\/uploads\/2018\/08\/fotoa-19-e1535680948413-220x180.jpg 220w, https:\/\/diarioregionaldigital.com.br\/wp-content\/uploads\/2018\/08\/fotoa-19-e1535680948413-360x293.jpg 360w\" sizes=\"auto, (max-width: 680px) 100vw, 680px\" \/><p id=\"caption-attachment-117215\" class=\"wp-caption-text\">O lindo casal Let\u00edcia Lima e Daniel Souza, em seu \u201cDia D\u201d, na Igreja Santa Filomena<\/p><\/div>\n<div id=\"attachment_117217\" style=\"width: 690px\" class=\"wp-caption aligncenter\"><img loading=\"lazy\" decoding=\"async\" aria-describedby=\"caption-attachment-117217\" class=\"wp-image-117217\" src=\"https:\/\/diarioregionaldigital.com.br\/wp-content\/uploads\/2018\/08\/fotoc-18-e1535680987996.jpg\" alt=\"\" width=\"680\" height=\"511\" srcset=\"https:\/\/diarioregionaldigital.com.br\/wp-content\/uploads\/2018\/08\/fotoc-18-e1535680987996.jpg 719w, https:\/\/diarioregionaldigital.com.br\/wp-content\/uploads\/2018\/08\/fotoc-18-e1535680987996-300x225.jpg 300w, https:\/\/diarioregionaldigital.com.br\/wp-content\/uploads\/2018\/08\/fotoc-18-e1535680987996-360x270.jpg 360w\" sizes=\"auto, (max-width: 680px) 100vw, 680px\" \/><p id=\"caption-attachment-117217\" class=\"wp-caption-text\">No Festival Gastron\u00f4mico de Tiradentes, os elegantes Marlon Ara\u00fajo, Tatiane Lucarelli, Silas Andrade e Ton Vecchi<\/p><\/div>\n<div id=\"attachment_117218\" style=\"width: 690px\" class=\"wp-caption aligncenter\"><img loading=\"lazy\" decoding=\"async\" aria-describedby=\"caption-attachment-117218\" class=\"wp-image-117218\" src=\"https:\/\/diarioregionaldigital.com.br\/wp-content\/uploads\/2018\/08\/fotod-17-e1535681011232.jpg\" alt=\"\" width=\"680\" height=\"630\" srcset=\"https:\/\/diarioregionaldigital.com.br\/wp-content\/uploads\/2018\/08\/fotod-17-e1535681011232.jpg 957w, https:\/\/diarioregionaldigital.com.br\/wp-content\/uploads\/2018\/08\/fotod-17-e1535681011232-300x278.jpg 300w, https:\/\/diarioregionaldigital.com.br\/wp-content\/uploads\/2018\/08\/fotod-17-e1535681011232-768x711.jpg 768w, https:\/\/diarioregionaldigital.com.br\/wp-content\/uploads\/2018\/08\/fotod-17-e1535681011232-360x333.jpg 360w\" sizes=\"auto, (max-width: 680px) 100vw, 680px\" \/><p id=\"caption-attachment-117218\" class=\"wp-caption-text\">Passando energia positiva, o sorriso franco de Diego Dutra<\/p><\/div>\n<div id=\"attachment_117219\" style=\"width: 690px\" class=\"wp-caption aligncenter\"><img loading=\"lazy\" decoding=\"async\" aria-describedby=\"caption-attachment-117219\" class=\"wp-image-117219\" src=\"https:\/\/diarioregionaldigital.com.br\/wp-content\/uploads\/2018\/08\/fotoe-21-e1535681042294.jpg\" alt=\"\" width=\"680\" height=\"555\" srcset=\"https:\/\/diarioregionaldigital.com.br\/wp-content\/uploads\/2018\/08\/fotoe-21-e1535681042294.jpg 720w, https:\/\/diarioregionaldigital.com.br\/wp-content\/uploads\/2018\/08\/fotoe-21-e1535681042294-300x245.jpg 300w, https:\/\/diarioregionaldigital.com.br\/wp-content\/uploads\/2018\/08\/fotoe-21-e1535681042294-220x180.jpg 220w, https:\/\/diarioregionaldigital.com.br\/wp-content\/uploads\/2018\/08\/fotoe-21-e1535681042294-360x294.jpg 360w\" sizes=\"auto, (max-width: 680px) 100vw, 680px\" \/><p id=\"caption-attachment-117219\" class=\"wp-caption-text\">Fazendo n\u00edver, Lucilene da Silva ladeada de Rodrigo M\u00fcller, Marcelo Eli e Juracyr Martins<\/p><\/div>\n<div id=\"attachment_117221\" style=\"width: 690px\" class=\"wp-caption aligncenter\"><img loading=\"lazy\" decoding=\"async\" aria-describedby=\"caption-attachment-117221\" class=\"wp-image-117221\" src=\"https:\/\/diarioregionaldigital.com.br\/wp-content\/uploads\/2018\/08\/fotog-18.jpg\" alt=\"\" width=\"680\" height=\"490\" srcset=\"https:\/\/diarioregionaldigital.com.br\/wp-content\/uploads\/2018\/08\/fotog-18.jpg 960w, https:\/\/diarioregionaldigital.com.br\/wp-content\/uploads\/2018\/08\/fotog-18-300x216.jpg 300w, https:\/\/diarioregionaldigital.com.br\/wp-content\/uploads\/2018\/08\/fotog-18-768x554.jpg 768w, https:\/\/diarioregionaldigital.com.br\/wp-content\/uploads\/2018\/08\/fotog-18-360x260.jpg 360w\" sizes=\"auto, (max-width: 680px) 100vw, 680px\" \/><p id=\"caption-attachment-117221\" class=\"wp-caption-text\">Mam\u00e3o comemorou sues 80 anos no Clube Dom Pedro II com os amigos, Mirian Neder, Luh Chaves, Jarbas Cruz e Dirceu Falce<\/p><\/div>\n<div id=\"attachment_117225\" style=\"width: 690px\" class=\"wp-caption aligncenter\"><img loading=\"lazy\" decoding=\"async\" aria-describedby=\"caption-attachment-117225\" class=\"wp-image-117225\" src=\"https:\/\/diarioregionaldigital.com.br\/wp-content\/uploads\/2018\/08\/fotol-10-e1535681178220.jpg\" alt=\"\" width=\"680\" height=\"457\" srcset=\"https:\/\/diarioregionaldigital.com.br\/wp-content\/uploads\/2018\/08\/fotol-10-e1535681178220.jpg 960w, https:\/\/diarioregionaldigital.com.br\/wp-content\/uploads\/2018\/08\/fotol-10-e1535681178220-300x202.jpg 300w, https:\/\/diarioregionaldigital.com.br\/wp-content\/uploads\/2018\/08\/fotol-10-e1535681178220-768x516.jpg 768w, https:\/\/diarioregionaldigital.com.br\/wp-content\/uploads\/2018\/08\/fotol-10-e1535681178220-360x242.jpg 360w\" sizes=\"auto, (max-width: 680px) 100vw, 680px\" \/><p id=\"caption-attachment-117225\" class=\"wp-caption-text\">C\u00e9lio Faria de Paula e a elegante Marcia Giotti de Paula (aniversariando) na Assunta<\/p><\/div>\n<div id=\"attachment_117229\" style=\"width: 690px\" class=\"wp-caption aligncenter\"><img loading=\"lazy\" decoding=\"async\" aria-describedby=\"caption-attachment-117229\" class=\"wp-image-117229\" src=\"https:\/\/diarioregionaldigital.com.br\/wp-content\/uploads\/2018\/08\/fotohh-1-e1535681244934.jpg\" alt=\"\" width=\"680\" height=\"571\" srcset=\"https:\/\/diarioregionaldigital.com.br\/wp-content\/uploads\/2018\/08\/fotohh-1-e1535681244934.jpg 719w, https:\/\/diarioregionaldigital.com.br\/wp-content\/uploads\/2018\/08\/fotohh-1-e1535681244934-300x252.jpg 300w, https:\/\/diarioregionaldigital.com.br\/wp-content\/uploads\/2018\/08\/fotohh-1-e1535681244934-360x302.jpg 360w\" sizes=\"auto, (max-width: 680px) 100vw, 680px\" \/><p id=\"caption-attachment-117229\" class=\"wp-caption-text\">Val\u00e9ria Faini gloriosa festejou seu anivers\u00e1rio com o irm\u00e3o \u201cfoguete\u201d Lelei Faini<\/p><\/div>\n<div id=\"attachment_117230\" style=\"width: 690px\" class=\"wp-caption aligncenter\"><img loading=\"lazy\" decoding=\"async\" aria-describedby=\"caption-attachment-117230\" class=\"wp-image-117230\" src=\"https:\/\/diarioregionaldigital.com.br\/wp-content\/uploads\/2018\/08\/fotoii-1.jpg\" alt=\"\" width=\"680\" height=\"453\" srcset=\"https:\/\/diarioregionaldigital.com.br\/wp-content\/uploads\/2018\/08\/fotoii-1.jpg 960w, https:\/\/diarioregionaldigital.com.br\/wp-content\/uploads\/2018\/08\/fotoii-1-300x200.jpg 300w, https:\/\/diarioregionaldigital.com.br\/wp-content\/uploads\/2018\/08\/fotoii-1-768x512.jpg 768w, https:\/\/diarioregionaldigital.com.br\/wp-content\/uploads\/2018\/08\/fotoii-1-360x240.jpg 360w\" sizes=\"auto, (max-width: 680px) 100vw, 680px\" \/><p id=\"caption-attachment-117230\" class=\"wp-caption-text\">Bel\u00edssima em sua festa de 15 anos, Ana Carolina Panissoli ladeada de seus pais Marcelo e Virg\u00ednia Panissoli e os profissionais do Buffet &#8211; \u201cA Festa \u00e9 Sua\u201d &#8211; Veridiana Martins e Talison Vardiero (Foto: Christiano Oliveira)<\/p><\/div>\n<div id=\"attachment_117231\" style=\"width: 690px\" class=\"wp-caption aligncenter\"><img loading=\"lazy\" decoding=\"async\" aria-describedby=\"caption-attachment-117231\" class=\"wp-image-117231\" src=\"https:\/\/diarioregionaldigital.com.br\/wp-content\/uploads\/2018\/08\/fotojj-2-e1535681281210.jpg\" alt=\"\" width=\"680\" height=\"479\" srcset=\"https:\/\/diarioregionaldigital.com.br\/wp-content\/uploads\/2018\/08\/fotojj-2-e1535681281210.jpg 957w, https:\/\/diarioregionaldigital.com.br\/wp-content\/uploads\/2018\/08\/fotojj-2-e1535681281210-300x210.jpg 300w, https:\/\/diarioregionaldigital.com.br\/wp-content\/uploads\/2018\/08\/fotojj-2-e1535681281210-768x541.jpg 768w, https:\/\/diarioregionaldigital.com.br\/wp-content\/uploads\/2018\/08\/fotojj-2-e1535681281210-360x254.jpg 360w, https:\/\/diarioregionaldigital.com.br\/wp-content\/uploads\/2018\/08\/fotojj-2-e1535681281210-100x70.jpg 100w\" sizes=\"auto, (max-width: 680px) 100vw, 680px\" \/><p id=\"caption-attachment-117231\" class=\"wp-caption-text\">Em ritmo de business a empresaria Marcelle Oliveira da MultiSa\u00fade, com o m\u00e9dico Vinic\u00edus Menezes e o empres\u00e1rio Jo\u00e3o Caran no Fronteira Restaurante, em Ipanema (RJ)<\/p><\/div>\n<div id=\"attachment_117227\" style=\"width: 690px\" class=\"wp-caption aligncenter\"><img loading=\"lazy\" decoding=\"async\" aria-describedby=\"caption-attachment-117227\" class=\"wp-image-117227\" src=\"https:\/\/diarioregionaldigital.com.br\/wp-content\/uploads\/2018\/08\/fotoff-1-e1535681558409.jpg\" alt=\"\" width=\"680\" height=\"713\" srcset=\"https:\/\/diarioregionaldigital.com.br\/wp-content\/uploads\/2018\/08\/fotoff-1-e1535681558409.jpg 540w, https:\/\/diarioregionaldigital.com.br\/wp-content\/uploads\/2018\/08\/fotoff-1-e1535681558409-286x300.jpg 286w, https:\/\/diarioregionaldigital.com.br\/wp-content\/uploads\/2018\/08\/fotoff-1-e1535681558409-360x377.jpg 360w\" sizes=\"auto, (max-width: 680px) 100vw, 680px\" \/><p id=\"caption-attachment-117227\" class=\"wp-caption-text\">Na Portela (Rio), visualizando azul e branco, Nelson Resende de Barros e Heloisa Monteiro<\/p><\/div>\n<div id=\"attachment_117235\" style=\"width: 690px\" class=\"wp-caption aligncenter\"><img loading=\"lazy\" decoding=\"async\" aria-describedby=\"caption-attachment-117235\" class=\"wp-image-117235\" src=\"https:\/\/diarioregionaldigital.com.br\/wp-content\/uploads\/2018\/08\/fotobb-14-e1535681627622.jpg\" alt=\"\" width=\"680\" height=\"473\" srcset=\"https:\/\/diarioregionaldigital.com.br\/wp-content\/uploads\/2018\/08\/fotobb-14-e1535681627622.jpg 720w, https:\/\/diarioregionaldigital.com.br\/wp-content\/uploads\/2018\/08\/fotobb-14-e1535681627622-300x210.jpg 300w, https:\/\/diarioregionaldigital.com.br\/wp-content\/uploads\/2018\/08\/fotobb-14-e1535681627622-360x251.jpg 360w, https:\/\/diarioregionaldigital.com.br\/wp-content\/uploads\/2018\/08\/fotobb-14-e1535681627622-100x70.jpg 100w\" sizes=\"auto, (max-width: 680px) 100vw, 680px\" \/><p id=\"caption-attachment-117235\" class=\"wp-caption-text\">Durante o Caf\u00e9 Filos\u00f3fico no MAMM, a palestrante Ros\u00e2ngela Rossi com os nobres Juarez Sofiste (UFJF) e o coordenador do CF Juber Pac\u00edfico<\/p><\/div>\n<p style=\"text-align: center;\"><strong>FOTOSS\u00cdNTESE<\/strong><\/p>\n<p>O MHall estar\u00e1 todo iluminado no dia 8 de setembro, \u00e0s 22h, para a maior festa do Brasil a \u201cSaturday Night\u201d, com o melhor dos anos 70 e 80 com os Dj\u2019s Maquinhos Vov\u00f4 e Ronaldo Brinkin. Venda de mesas e ingressos na Loja Z\u00e9 Kodak. Produ\u00e7\u00e3o estrelada de Douglas Polato.<\/p>\n<p>Caprichoso e acreditando na qualidade, o chef Ant\u00f4nio de Padua Jun\u00e3o est\u00e1 preparando um variado mix de servi\u00e7os para levar praticidade nas confraterniza\u00e7\u00f5es de final de ano. Card\u00e1pio de todos os gostos, bebidas, colaboradores de cozinha, m\u00fasica, sal\u00e3o e espa\u00e7o kids. Or\u00e7amentos &#8211; 99970-2227 &#8211; 99168-8529.<\/p>\n<p>Eterna rainha do samba Val\u00e9ria Lima convida este colunista para a Roda de Samba dia 9 de setembro, \u00e0s 14h, no Quintal da Esquina, em Duque de Caxias, no Rio.<\/p>\n<p>A escritora Izabel Cordeiro promoveu tarde de aut\u00f3grafos de seu livro Desgovernan\u00e7a Corporativa, reunindo empres\u00e1rios gestores e artistas com apoio da OAB-Congonhas e Livraria Athena.<\/p>\n<p>Considerada uma das mulheres mais elegantes de Juiz de Fora, Larissa Lessa promove WorkShop com o tema \u201cSe vestir \u00e9 um desafio pra voc\u00ea?\u201d, no dia 04 de setembro na Assunta.<\/p>\n<p>Ouvi no elevador: O homem muda de vida quando deixa de fazer o que tem vontade e come\u00e7a a fazer o que tem de ser feito. Concordo plenamente.<\/p>\n<p>Com pista de 150m\u00b2, o Monster Race maior circuito de brinquedos infl\u00e1veis itinerantes da Am\u00e9rica Latina, \u00e9 atra\u00e7\u00e3o no Independ\u00eancia Shopping para quem gosta de aventura e esporte radicais.<\/p>\n<p>A bonita Stael SantAnna convida este colunista para a inaugura\u00e7\u00e3o da Barbearia Pub Mo\u00e7o da Barba no dia 06 de setembro \u00e0s 18h, com apoio da Antu\u00e9rpia. Fica na rua Jos\u00e9 Louren\u00e7o Kelmer, n\u00ba450.<\/p>\n<p>Extra&#8230;Extra&#8230;Extra: Rascunho \u00e9 tentar tra\u00e7ar um limite o que n\u00e3o podemos conter. Bom dia!<\/p>\n","protected":false},"excerpt":{"rendered":"<p>Em Alta A monarquia foi destaque no Dia do Soldado comemorado no \u00faltimo dia 25 de agosto, no Santa Cruz Shopping. O C\u00edrculo Mon\u00e1rquico al\u00e9m de apresentar a proposta Mon\u00e1rquica para o Brasil, ainda homenageou os 215 anos de nascimento do Duque de Caxias, Patrono do Ex\u00e9rcito Brasileiro. Eleg\u00e2ncia Com charme parisiense, vieram da Fran\u00e7a, [&hellip;]<\/p>\n","protected":false},"author":96,"featured_media":117215,"comment_status":"closed","ping_status":"closed","sticky":false,"template":"","format":"standard","meta":{"footnotes":""},"categories":[264],"tags":[],"class_list":["post-117232","post","type-post","status-publish","format-standard","has-post-thumbnail","hentry","category-eduardo-gomes"],"_links":{"self":[{"href":"https:\/\/diarioregionaldigital.com.br\/index.php?rest_route=\/wp\/v2\/posts\/117232","targetHints":{"allow":["GET"]}}],"collection":[{"href":"https:\/\/diarioregionaldigital.com.br\/index.php?rest_route=\/wp\/v2\/posts"}],"about":[{"href":"https:\/\/diarioregionaldigital.com.br\/index.php?rest_route=\/wp\/v2\/types\/post"}],"author":[{"embeddable":true,"href":"https:\/\/diarioregionaldigital.com.br\/index.php?rest_route=\/wp\/v2\/users\/96"}],"replies":[{"embeddable":true,"href":"https:\/\/diarioregionaldigital.com.br\/index.php?rest_route=%2Fwp%2Fv2%2Fcomments&post=117232"}],"version-history":[{"count":0,"href":"https:\/\/diarioregionaldigital.com.br\/index.php?rest_route=\/wp\/v2\/posts\/117232\/revisions"}],"wp:featuredmedia":[{"embeddable":true,"href":"https:\/\/diarioregionaldigital.com.br\/index.php?rest_route=\/wp\/v2\/media\/117215"}],"wp:attachment":[{"href":"https:\/\/diarioregionaldigital.com.br\/index.php?rest_route=%2Fwp%2Fv2%2Fmedia&parent=117232"}],"wp:term":[{"taxonomy":"category","embeddable":true,"href":"https:\/\/diarioregionaldigital.com.br\/index.php?rest_route=%2Fwp%2Fv2%2Fcategories&post=117232"},{"taxonomy":"post_tag","embeddable":true,"href":"https:\/\/diarioregionaldigital.com.br\/index.php?rest_route=%2Fwp%2Fv2%2Ftags&post=117232"}],"curies":[{"name":"wp","href":"https:\/\/api.w.org\/{rel}","templated":true}]}}