{"id":117213,"date":"2018-09-02T06:00:00","date_gmt":"2018-09-02T09:00:00","guid":{"rendered":"https:\/\/diarioregionaldigital.com.br\/?p=117213"},"modified":"2018-08-30T22:59:47","modified_gmt":"2018-08-31T01:59:47","slug":"a-religiao-para-os-jovens-deve-pregar-uma-nova-vida","status":"publish","type":"post","link":"https:\/\/diarioregionaldigital.com.br\/?p=117213","title":{"rendered":"A Religi\u00e3o para os Jovens deve Pregar uma nova Vida"},"content":{"rendered":"<p style=\"text-align: center;\"><strong>A religi\u00e3o para os jovens deve pregar uma nova vida<\/strong><\/p>\n<p style=\"text-align: center;\">Uma nova vida n\u00e3o se obt\u00e9m pela f\u00e9 na salva\u00e7\u00e3o. numa exist\u00eancia futura, e sim peta aplica\u00e7\u00e3o dos ensinamentos na vida pr\u00e1tica, para que, atrav\u00e9s das experi\u00eancias do cotidiano, seja manifestado o Eu verdadeiro.<br \/>\nA vida terrena \u00e9 de natureza pr\u00e1tica e nos propicia in\u00fameras experi\u00eancias. Foi-nos dada a oportunidade de viver no mundo terreno para que, passando por diversas .experi\u00eancias do cotidiano, pud\u00e9ssemos evoluir espiritual-mente. Esta vida \u00e9 local de grandes \u201ccria\u00e7\u00f5es art\u00edsticas\u201d. Atrav\u00e9s de experi\u00eancias do cotidiano, voc\u00ea vai firmando a sua personalidade e passa a criar, no mundo art\u00edstico chamado \u201cvida terrena\u201d, a beleza peculiar que s\u00f3 voc\u00ea consegue expressar. Vivenciando a vida, intensificamos a f\u00e9; e a f\u00e9 intensificada eleva a nossa vida cotidiana. Com isso, renascemos e nos elevamos espiritualmente. Deus \u201cafina\u201d as vibra\u00e7\u00f5es da nossa natureza divina latente quando a sintonizamos com a natureza divina imanente no Universo. Assim, a nossa alma se toma mais pura, recuperando a autonomia de ser divino, e por fim o nosso Eu verdadeiro se identifica totalmente com Deus.<br \/>\nA f\u00e9 baseada na sabedoria da alma \u00e9 de import\u00e2ncia primordial para a manifesta\u00e7\u00e3o do Eu verdadeiro. Portanto, antes de mais nada, voc\u00ea deve recorrer \u00e0 sabedoria da alma e despertar para o fato de que a sua Imagem Verdadeira \u00e9 divina. Com a finalidade de conduzir as pessoas a esse despertar, a Seicho-No-Ie mant\u00e9m academias de\u2019 treinamento espiritual em v\u00e1rias localidades (Tobitakyu, Uji, Fukuoka e Nagasaki, entre outras). Os jovens. n\u00e3o se sentem motivados por ensinamentos que n\u00e3o lhes incutam\u2019 f\u00e9 capaz de tom\u00e1-los vitoriosos nesta vida; e, n\u00e3o sentindo motiva\u00e7\u00e3o, n\u00e3o se disp\u00f5em a estudar tais ensinamentos.<br \/>\nA f\u00e9 implica convers\u00e3o e tamb\u00e9m um \u201crenascimento\u201d na vida pr\u00e1tica. Convers\u00e3o significa uma mudan\u00e7a radical do modo de pensar e corresponde \u00e0 porta que conduz a uma nova vida. Entrando por essa porta, devemos prosseguir nos aprimorando, pois a jornada da vida \u00e9 longa e precisamos ir vencendo v\u00e1rias etapas. Somente aqueles que, pelo poder da f\u00e9 verdadeira, conquistaram a autonomia espiritual conseguem trilhar o caminho de Deus sem serem arrastados pelas vicissitudes da vida e fazer do seu viver um viver divino. Quando passamos por essa transforma\u00e7\u00e3o radical da mente, o nosso corpo tamb\u00e9m se transfigura, tomando-se um \u201ccorpo divino\u201d; e este mundo, que parece sujo e feio transforma-se num para\u00edso.<br \/>\nO conhecimento intelectual armazenado no c\u00e9rebro n\u00e3o possibilita a constru\u00e7\u00e3o do mundo de Deus. O que \u00e9 mortal n\u00e3o consegue gerar algo imortal. Em primeiro lugar, voc\u00ea deve despertar, em seu \u00edntimo, a sua ess\u00eancia imortal e assegurar a independ\u00eancia e a liberdade do seu esp\u00edrito. Somente assim poder\u00e1 construir o para\u00edso aqui na Terra.<\/p>\n","protected":false},"excerpt":{"rendered":"<p>A religi\u00e3o para os jovens deve pregar uma nova vida Uma nova vida n\u00e3o se obt\u00e9m pela f\u00e9 na salva\u00e7\u00e3o. numa exist\u00eancia futura, e sim peta aplica\u00e7\u00e3o dos ensinamentos na vida pr\u00e1tica, para que, atrav\u00e9s das experi\u00eancias do cotidiano, seja manifestado o Eu verdadeiro. A vida terrena \u00e9 de natureza pr\u00e1tica e nos propicia in\u00fameras [&hellip;]<\/p>\n","protected":false},"author":96,"featured_media":0,"comment_status":"closed","ping_status":"closed","sticky":false,"template":"","format":"standard","meta":{"footnotes":""},"categories":[263],"tags":[],"class_list":["post-117213","post","type-post","status-publish","format-standard","hentry","category-jane-aragao"],"_links":{"self":[{"href":"https:\/\/diarioregionaldigital.com.br\/index.php?rest_route=\/wp\/v2\/posts\/117213","targetHints":{"allow":["GET"]}}],"collection":[{"href":"https:\/\/diarioregionaldigital.com.br\/index.php?rest_route=\/wp\/v2\/posts"}],"about":[{"href":"https:\/\/diarioregionaldigital.com.br\/index.php?rest_route=\/wp\/v2\/types\/post"}],"author":[{"embeddable":true,"href":"https:\/\/diarioregionaldigital.com.br\/index.php?rest_route=\/wp\/v2\/users\/96"}],"replies":[{"embeddable":true,"href":"https:\/\/diarioregionaldigital.com.br\/index.php?rest_route=%2Fwp%2Fv2%2Fcomments&post=117213"}],"version-history":[{"count":0,"href":"https:\/\/diarioregionaldigital.com.br\/index.php?rest_route=\/wp\/v2\/posts\/117213\/revisions"}],"wp:attachment":[{"href":"https:\/\/diarioregionaldigital.com.br\/index.php?rest_route=%2Fwp%2Fv2%2Fmedia&parent=117213"}],"wp:term":[{"taxonomy":"category","embeddable":true,"href":"https:\/\/diarioregionaldigital.com.br\/index.php?rest_route=%2Fwp%2Fv2%2Fcategories&post=117213"},{"taxonomy":"post_tag","embeddable":true,"href":"https:\/\/diarioregionaldigital.com.br\/index.php?rest_route=%2Fwp%2Fv2%2Ftags&post=117213"}],"curies":[{"name":"wp","href":"https:\/\/api.w.org\/{rel}","templated":true}]}}