{"id":117208,"date":"2018-08-31T06:00:48","date_gmt":"2018-08-31T09:00:48","guid":{"rendered":"https:\/\/diarioregionaldigital.com.br\/?p=117208"},"modified":"2018-08-30T22:54:43","modified_gmt":"2018-08-31T01:54:43","slug":"prefeitura-coronel-pacheco-aviso-31-08-18","status":"publish","type":"post","link":"https:\/\/diarioregionaldigital.com.br\/?p=117208","title":{"rendered":"Prefeitura Coronel Pacheco Aviso 31-08-18"},"content":{"rendered":"<p class=\"WW-Corpodetexto3\" align=\"center\"><strong><span style=\"font-size: 10.0pt;\">AVISO DE LICITA\u00c7\u00c3O<\/span><\/strong><\/p>\n<p class=\"WW-Corpodetexto3\" align=\"center\"><strong><span style=\"font-size: 10.0pt;\">\u00a0<\/span><span style=\"font-size: 10.0pt;\">\u00a0<\/span><\/strong><strong><span style=\"font-size: 10.0pt;\">LEIL\u00c3O 001\/2018<\/span><span style=\"font-size: 10.0pt;\">\u00a0<\/span><\/strong><\/p>\n<p class=\"WW-Corpodetexto3\" style=\"line-height: 150%; text-align: center;\"><span style=\"font-size: 10.0pt; line-height: 150%;\">O Munic\u00edpio de Coronel Pacheco torna p\u00fablico a realiza\u00e7\u00e3o de LEIL\u00c3O 001\/2018 de ve\u00edculos, equipamentos e sucatas, no dia 18\/09\/2018, \u00e0s 14(quatorze) horas. Edital e informa\u00e7\u00f5es complementares pelo telefone (032) 32581112. Dener Henrique da Costa \u2013 Presidente da Comiss\u00e3o de Licita\u00e7\u00e3o<\/span><\/p>\n","protected":false},"excerpt":{"rendered":"<p>AVISO DE LICITA\u00c7\u00c3O \u00a0\u00a0LEIL\u00c3O 001\/2018\u00a0 O Munic\u00edpio de Coronel Pacheco torna p\u00fablico a realiza\u00e7\u00e3o de LEIL\u00c3O 001\/2018 de ve\u00edculos, equipamentos e sucatas, no dia 18\/09\/2018, \u00e0s 14(quatorze) horas. Edital e informa\u00e7\u00f5es complementares pelo telefone (032) 32581112. Dener Henrique da Costa \u2013 Presidente da Comiss\u00e3o de Licita\u00e7\u00e3o<\/p>\n","protected":false},"author":96,"featured_media":0,"comment_status":"closed","ping_status":"closed","sticky":false,"template":"","format":"standard","meta":{"footnotes":""},"categories":[307],"tags":[],"class_list":["post-117208","post","type-post","status-publish","format-standard","hentry","category-editais"],"_links":{"self":[{"href":"https:\/\/diarioregionaldigital.com.br\/index.php?rest_route=\/wp\/v2\/posts\/117208","targetHints":{"allow":["GET"]}}],"collection":[{"href":"https:\/\/diarioregionaldigital.com.br\/index.php?rest_route=\/wp\/v2\/posts"}],"about":[{"href":"https:\/\/diarioregionaldigital.com.br\/index.php?rest_route=\/wp\/v2\/types\/post"}],"author":[{"embeddable":true,"href":"https:\/\/diarioregionaldigital.com.br\/index.php?rest_route=\/wp\/v2\/users\/96"}],"replies":[{"embeddable":true,"href":"https:\/\/diarioregionaldigital.com.br\/index.php?rest_route=%2Fwp%2Fv2%2Fcomments&post=117208"}],"version-history":[{"count":0,"href":"https:\/\/diarioregionaldigital.com.br\/index.php?rest_route=\/wp\/v2\/posts\/117208\/revisions"}],"wp:attachment":[{"href":"https:\/\/diarioregionaldigital.com.br\/index.php?rest_route=%2Fwp%2Fv2%2Fmedia&parent=117208"}],"wp:term":[{"taxonomy":"category","embeddable":true,"href":"https:\/\/diarioregionaldigital.com.br\/index.php?rest_route=%2Fwp%2Fv2%2Fcategories&post=117208"},{"taxonomy":"post_tag","embeddable":true,"href":"https:\/\/diarioregionaldigital.com.br\/index.php?rest_route=%2Fwp%2Fv2%2Ftags&post=117208"}],"curies":[{"name":"wp","href":"https:\/\/api.w.org\/{rel}","templated":true}]}}