{"id":117199,"date":"2018-09-02T05:30:11","date_gmt":"2018-09-02T08:30:11","guid":{"rendered":"https:\/\/diarioregionaldigital.com.br\/?p=117199"},"modified":"2018-09-04T21:16:22","modified_gmt":"2018-09-05T00:16:22","slug":"receita-de-batata-recheada-com-queijo-e-bacon-diario-de-receitas","status":"publish","type":"post","link":"https:\/\/diarioregionaldigital.com.br\/?p=117199","title":{"rendered":"Receita de batata recheada com queijo e bacon &#8211; Di\u00e1rio de Receitas"},"content":{"rendered":"<p><span style=\"font-family: 'comic sans ms', sans-serif; font-size: 12pt;\">Ol\u00e1, a partir de agora neste blog \u2013 <strong>Di\u00e1rio de Receitas<\/strong> \u2013 a equipe do Jornal Di\u00e1rio Regional trar\u00e1 diversos v\u00eddeos e informa\u00e7\u00f5es para implementar na sua cozinha com receitas deliciosas. Diversos chefes, cozinheiros de \u2018m\u00e3o cheia\u2019, especialistas com muita experi\u00eancia na nossa cidade v\u00e3o aparecer por aqui e deixar aquele toque especial em uma receitinha para aprimorar seu almo\u00e7o, jantar, lanche e etc&#8230;<\/span><\/p>\n<p><span style=\"font-family: 'comic sans ms', sans-serif; font-size: 12pt;\">Nesta semana voc\u00ea vai aprender a receita do <a href=\"http:\/\/tenchini.com.br\">Nelson Tenchini<\/a>. A famosa batata recheada que em 50 minutos trar\u00e1 para a sua mesa um prato completo, f\u00e1cil e gostoso. <\/span><\/p>\n<h3 style=\"text-align: center;\"><span style=\"font-family: 'comic sans ms', sans-serif; font-size: 18pt; color: #ff0000;\">Confira os ingredientes\u00a0<\/span><\/h3>\n<p><img loading=\"lazy\" decoding=\"async\" class=\"aligncenter size-full wp-image-117226\" src=\"https:\/\/diarioregionaldigital.com.br\/wp-content\/uploads\/2018\/08\/receitabatata.jpg\" alt=\"\" width=\"1287\" height=\"1341\" srcset=\"https:\/\/diarioregionaldigital.com.br\/wp-content\/uploads\/2018\/08\/receitabatata.jpg 1287w, https:\/\/diarioregionaldigital.com.br\/wp-content\/uploads\/2018\/08\/receitabatata-288x300.jpg 288w, https:\/\/diarioregionaldigital.com.br\/wp-content\/uploads\/2018\/08\/receitabatata-768x800.jpg 768w, https:\/\/diarioregionaldigital.com.br\/wp-content\/uploads\/2018\/08\/receitabatata-983x1024.jpg 983w, https:\/\/diarioregionaldigital.com.br\/wp-content\/uploads\/2018\/08\/receitabatata-360x375.jpg 360w\" sizes=\"auto, (max-width: 1287px) 100vw, 1287px\" \/><\/p>\n<p><iframe loading=\"lazy\" width=\"1170\" height=\"878\" src=\"https:\/\/www.youtube.com\/embed\/EjlpJBe6Rjk?feature=oembed\" frameborder=\"0\" allow=\"autoplay; encrypted-media\" allowfullscreen><\/iframe><\/p>\n<h2 style=\"text-align: center;\"><a href=\"https:\/\/youtu.be\/EjlpJBe6Rjk\"><span style=\"font-family: 'comic sans ms', sans-serif; font-size: 18pt; color: #ff0000;\">Confira no v\u00eddeo a receita completa.<\/span><\/a><\/h2>\n<p>&nbsp;<\/p>\n<p>&nbsp;<\/p>\n","protected":false},"excerpt":{"rendered":"<p>Ol\u00e1, a partir de agora neste blog \u2013 Di\u00e1rio de Receitas \u2013 a equipe do Jornal Di\u00e1rio Regional trar\u00e1 diversos v\u00eddeos e informa\u00e7\u00f5es para implementar na sua cozinha com receitas deliciosas. Diversos chefes, cozinheiros de \u2018m\u00e3o cheia\u2019, especialistas com muita experi\u00eancia na nossa cidade v\u00e3o aparecer por aqui e deixar aquele toque especial em uma [&hellip;]<\/p>\n","protected":false},"author":96,"featured_media":117228,"comment_status":"closed","ping_status":"closed","sticky":false,"template":"","format":"standard","meta":{"footnotes":""},"categories":[434,436,440,1153,439],"tags":[1159,562,1158,1025,312,1157],"class_list":["post-117199","post","type-post","status-publish","format-standard","has-post-thumbnail","hentry","category-blog","category-destaque-da-semana","category-destaques-do-dia","category-diario-de-receitas","category-ultima-hora","tag-batata-recheada","tag-culinaria","tag-diario-de-receitas","tag-diario-regional","tag-juiz-de-fora","tag-tenchini"],"_links":{"self":[{"href":"https:\/\/diarioregionaldigital.com.br\/index.php?rest_route=\/wp\/v2\/posts\/117199","targetHints":{"allow":["GET"]}}],"collection":[{"href":"https:\/\/diarioregionaldigital.com.br\/index.php?rest_route=\/wp\/v2\/posts"}],"about":[{"href":"https:\/\/diarioregionaldigital.com.br\/index.php?rest_route=\/wp\/v2\/types\/post"}],"author":[{"embeddable":true,"href":"https:\/\/diarioregionaldigital.com.br\/index.php?rest_route=\/wp\/v2\/users\/96"}],"replies":[{"embeddable":true,"href":"https:\/\/diarioregionaldigital.com.br\/index.php?rest_route=%2Fwp%2Fv2%2Fcomments&post=117199"}],"version-history":[{"count":0,"href":"https:\/\/diarioregionaldigital.com.br\/index.php?rest_route=\/wp\/v2\/posts\/117199\/revisions"}],"wp:featuredmedia":[{"embeddable":true,"href":"https:\/\/diarioregionaldigital.com.br\/index.php?rest_route=\/wp\/v2\/media\/117228"}],"wp:attachment":[{"href":"https:\/\/diarioregionaldigital.com.br\/index.php?rest_route=%2Fwp%2Fv2%2Fmedia&parent=117199"}],"wp:term":[{"taxonomy":"category","embeddable":true,"href":"https:\/\/diarioregionaldigital.com.br\/index.php?rest_route=%2Fwp%2Fv2%2Fcategories&post=117199"},{"taxonomy":"post_tag","embeddable":true,"href":"https:\/\/diarioregionaldigital.com.br\/index.php?rest_route=%2Fwp%2Fv2%2Ftags&post=117199"}],"curies":[{"name":"wp","href":"https:\/\/api.w.org\/{rel}","templated":true}]}}