{"id":117191,"date":"2018-09-02T06:12:43","date_gmt":"2018-09-02T09:12:43","guid":{"rendered":"https:\/\/diarioregionaldigital.com.br\/?p=117191"},"modified":"2018-08-30T22:24:06","modified_gmt":"2018-08-31T01:24:06","slug":"fashion-news-2","status":"publish","type":"post","link":"https:\/\/diarioregionaldigital.com.br\/?p=117191","title":{"rendered":"FASHION NEWS"},"content":{"rendered":"<h4 style=\"text-align: center;\"><strong>BALENCIAGA TRACK<\/strong><\/h4>\n<p>Depois do Triple S, o Chunky Sneaker da Balenciaga que virou febre mundial, a marca francesa divulgou como ser\u00e1 as vendas da sua nova aposta, o sneaker Track. Inspirado no universo do montanhismo, ele possui solado com travas e \u00e9 robusto, lembrando os t\u00eanis usados para a pr\u00e1tica. As primeiras vendas acontecer\u00e3o por meio de inscri\u00e7\u00e3o no site e ap\u00f3s a inscri\u00e7\u00e3o, \u00e9 cruzar os dedos para ser selecionado e poder colocar o seu par nos p\u00e9s!<\/p>\n<p><img loading=\"lazy\" decoding=\"async\" class=\"aligncenter size-full wp-image-117192\" src=\"https:\/\/diarioregionaldigital.com.br\/wp-content\/uploads\/2018\/08\/BALENCIAGA-TRACK.png\" alt=\"\" width=\"1694\" height=\"970\" srcset=\"https:\/\/diarioregionaldigital.com.br\/wp-content\/uploads\/2018\/08\/BALENCIAGA-TRACK.png 1694w, https:\/\/diarioregionaldigital.com.br\/wp-content\/uploads\/2018\/08\/BALENCIAGA-TRACK-300x172.png 300w, https:\/\/diarioregionaldigital.com.br\/wp-content\/uploads\/2018\/08\/BALENCIAGA-TRACK-768x440.png 768w, https:\/\/diarioregionaldigital.com.br\/wp-content\/uploads\/2018\/08\/BALENCIAGA-TRACK-1024x586.png 1024w, https:\/\/diarioregionaldigital.com.br\/wp-content\/uploads\/2018\/08\/BALENCIAGA-TRACK-360x206.png 360w\" sizes=\"auto, (max-width: 1694px) 100vw, 1694px\" \/><\/p>\n<p>&nbsp;<\/p>\n<h4 style=\"text-align: center;\"><strong>PERNAS DE FORA <\/strong><\/h4>\n<p>O short voltou com tudo, roubando espa\u00e7o da minissaia! Vers\u00e1til, aparece em v\u00e1rias vers\u00f5es, do couro ao linho. Os modelos de alfaiataria permitem uma infinidade de combina\u00e7\u00f5es! Aposte nos tons cl\u00e1ssicos: preto, branco e azul marinho e sempre ter\u00e1 uma boa op\u00e7\u00e3o para montar seus looks!<\/p>\n<p><img loading=\"lazy\" decoding=\"async\" class=\"aligncenter size-full wp-image-117193\" src=\"https:\/\/diarioregionaldigital.com.br\/wp-content\/uploads\/2018\/08\/PERNAS-DE-FORA.jpg\" alt=\"\" width=\"357\" height=\"1014\" srcset=\"https:\/\/diarioregionaldigital.com.br\/wp-content\/uploads\/2018\/08\/PERNAS-DE-FORA.jpg 357w, https:\/\/diarioregionaldigital.com.br\/wp-content\/uploads\/2018\/08\/PERNAS-DE-FORA-106x300.jpg 106w\" sizes=\"auto, (max-width: 357px) 100vw, 357px\" \/><\/p>\n<p>&nbsp;<\/p>\n<h4 style=\"text-align: center;\"><strong>VENDO TUDO REDONDINHO<\/strong><\/h4>\n<p>Os \u00f3culos redondos est\u00e3o tomando conta do cen\u00e1rio fashion. Super estilosos, eles d\u00e3o charme e modernidade ao visual. Lan\u00e7adas nos anos 60 e 70, as hastes redondas viraram hit e foram eternizadas pelos Beatles. Eles ganharam um toque moderno, a lente espelhada, detalhes coloridos e estampas, competindo com o \u00f3culos de gatinho, eles invadem assim a moda streetstyle.<\/p>\n<p><img loading=\"lazy\" decoding=\"async\" class=\"aligncenter size-full wp-image-117194\" src=\"https:\/\/diarioregionaldigital.com.br\/wp-content\/uploads\/2018\/08\/VENDO-TUDO-REDONDINHO.jpg\" alt=\"\" width=\"564\" height=\"849\" srcset=\"https:\/\/diarioregionaldigital.com.br\/wp-content\/uploads\/2018\/08\/VENDO-TUDO-REDONDINHO.jpg 564w, https:\/\/diarioregionaldigital.com.br\/wp-content\/uploads\/2018\/08\/VENDO-TUDO-REDONDINHO-199x300.jpg 199w, https:\/\/diarioregionaldigital.com.br\/wp-content\/uploads\/2018\/08\/VENDO-TUDO-REDONDINHO-360x542.jpg 360w\" sizes=\"auto, (max-width: 564px) 100vw, 564px\" \/><\/p>\n<p>&nbsp;<\/p>\n<h4 style=\"text-align: center;\"><strong>AREZZO + LENNY NIEMEYER<\/strong><\/h4>\n<p>Lenny Niemeyer j\u00e1 bombou em suas \u00faltimas cole\u00e7\u00f5es e uma parceria de sucesso est\u00e1 anunciada: Niemeyer + Arezzo! O ver\u00e3o de 2019 ficar\u00e1 ainda mais colorido com uma cole\u00e7\u00e3o-c\u00e1psula da designer brasileira. As pe\u00e7as t\u00eam a promessa de serem leves, com movimento e eleg\u00e2ncia, com um toque solar que traduz a brasilidade. As mais antenadas na moda j\u00e1 podem separar um espa\u00e7o no closet, pois o beachwear vai ser surpreendente da cabe\u00e7a aos p\u00e9s!<\/p>\n<p><strong>\u00a0<\/strong><\/p>\n<h4 style=\"text-align: center;\"><strong>ELA VEIO PARA FICAR <\/strong><\/h4>\n<p>A pochete j\u00e1 conquistou seu lugar no cen\u00e1rio da moda e saiu da categoria de pecado fashion! A pequena bolsa usada junto \u00e0 cintura, muito popular nos anos 80 (uma d\u00e9cada marcada pelos excessos) ficou estigmatizada como um \u00edcone brega, mas agora a hist\u00f3ria \u00e9 outra!A figura de pessoas de gosto question\u00e1vel usando vers\u00f5es\u00a0n\u00e3o muito animadoras das pequenas bolsas habita o imagin\u00e1rio coletivo. Mas, resgatado por estilistas de grifes como Louis Vuitton, Chanel e Gucci, a pochete aparece em vers\u00f5es super estilizadas que nada lembram as pe\u00e7as dos anos 80. As novas pochetes aparecem repaginadas, mais clean,\u00a0principalmente, com cara de artigo de luxo. E vamos combinar, super pr\u00e1tica ela \u00e9!<\/p>\n<p><img loading=\"lazy\" decoding=\"async\" class=\"aligncenter size-full wp-image-117195\" src=\"https:\/\/diarioregionaldigital.com.br\/wp-content\/uploads\/2018\/08\/ELA-VEIO-PARA-FICAR.jpg\" alt=\"\" width=\"564\" height=\"772\" srcset=\"https:\/\/diarioregionaldigital.com.br\/wp-content\/uploads\/2018\/08\/ELA-VEIO-PARA-FICAR.jpg 564w, https:\/\/diarioregionaldigital.com.br\/wp-content\/uploads\/2018\/08\/ELA-VEIO-PARA-FICAR-219x300.jpg 219w, https:\/\/diarioregionaldigital.com.br\/wp-content\/uploads\/2018\/08\/ELA-VEIO-PARA-FICAR-360x493.jpg 360w\" sizes=\"auto, (max-width: 564px) 100vw, 564px\" \/><\/p>\n<p>&nbsp;<\/p>\n<h4 style=\"text-align: center;\"><strong>SEPTEMBER ISSUE<\/strong><\/h4>\n<p>Aten\u00e7\u00e3o fashionistas de carteirinha: est\u00e1 chegando a September Issue, a edi\u00e7\u00e3o de setembro das revistas de moda. Essa edi\u00e7\u00e3o \u00e9 a mais importante do ano para a comunica\u00e7\u00e3o de moda americana, geralmente \u00e9 a que atrai mais anunciantes e traz mais novidades do mundo da moda e \u00e9 a leitura obrigat\u00f3ria do m\u00eas para quem se interessa por esse universo! O t\u00edtulo mais importante da Vogue Am\u00e9rica, traz Beyonc\u00e9 n\u00e3o em uma, mas duas capas nessa edi\u00e7\u00e3o super especial. E por aqui Gigi Hadid na capa e uma entrevista exclusiva in\u00e9dita especialmente para o Brasil: Miuccia Prada.<\/p>\n<p><img loading=\"lazy\" decoding=\"async\" class=\"aligncenter size-full wp-image-117196\" src=\"https:\/\/diarioregionaldigital.com.br\/wp-content\/uploads\/2018\/08\/SEPTEMBER-ISSUE.jpeg\" alt=\"\" width=\"968\" height=\"1280\" srcset=\"https:\/\/diarioregionaldigital.com.br\/wp-content\/uploads\/2018\/08\/SEPTEMBER-ISSUE.jpeg 968w, https:\/\/diarioregionaldigital.com.br\/wp-content\/uploads\/2018\/08\/SEPTEMBER-ISSUE-227x300.jpeg 227w, https:\/\/diarioregionaldigital.com.br\/wp-content\/uploads\/2018\/08\/SEPTEMBER-ISSUE-768x1016.jpeg 768w, https:\/\/diarioregionaldigital.com.br\/wp-content\/uploads\/2018\/08\/SEPTEMBER-ISSUE-774x1024.jpeg 774w, https:\/\/diarioregionaldigital.com.br\/wp-content\/uploads\/2018\/08\/SEPTEMBER-ISSUE-360x476.jpeg 360w\" sizes=\"auto, (max-width: 968px) 100vw, 968px\" \/><\/p>\n<p>&nbsp;<\/p>\n<h4 style=\"text-align: center;\"><strong>LAPIDANDO SEU ESTILO<\/strong><\/h4>\n<p><strong>\u00a0<\/strong><\/p>\n<p>A cada dia nos descobrimos e conhecemos mais nossos gostos, nossas prefer\u00eancias e vamos lapidando nosso estilo. O processo \u00e9 cont\u00ednuo e quanto mais nos observamos mais ganhamos confian\u00e7a!<\/p>\n<p>Fique de olho nas dicas:<\/p>\n<p style=\"text-align: center;\"><strong>&#x2714;busque refer\u00eancias de estilos que te agradem, toda cria\u00e7\u00e3o em moda parte de refer\u00eancias, pesquise!<\/strong><\/p>\n<p style=\"text-align: center;\"><strong>&#x2714;arquive suas prefer\u00eancias, seja em pastas no seu computador, ou num painel de inspira\u00e7\u00f5es<\/strong><\/p>\n<p style=\"text-align: center;\"><strong>&#x2714;d\u00ea a sua cara, toda produ\u00e7\u00e3o \u00e9 autoral, pois est\u00e1 no seu corpo, do seu jeito<\/strong><\/p>\n<p style=\"text-align: center;\"><strong>&#x2714;permita-se: novos estilos, novas cores, novas Silhuetas, novas combina\u00e7\u00f5es<\/strong><\/p>\n<p style=\"text-align: center;\"><strong>&#x2714;crie o h\u00e1bito de se fotografar diariamente, monte sua pastinha e descubra mais sobre voc\u00ea!<\/strong><\/p>\n<p style=\"text-align: center;\"><strong>&#x2714;use as suas roupas, todas!<\/strong><\/p>\n<p>&nbsp;<\/p>\n<hr \/>\n<h3 style=\"text-align: center;\"><strong>CLICK IN MODA<\/strong><\/h3>\n<p><strong>\u00a0<\/strong><\/p>\n<p style=\"text-align: center;\">O click do fera Jonas Dias para a beleza de Aninha Calixto. Produ\u00e7\u00e3o de Diley Almeida, beleza Jael Pifano e equipe.<\/p>\n<p><img loading=\"lazy\" decoding=\"async\" class=\"aligncenter size-full wp-image-117197\" src=\"https:\/\/diarioregionaldigital.com.br\/wp-content\/uploads\/2018\/08\/CLICK-IN-MODA-1.jpeg\" alt=\"\" width=\"854\" height=\"1280\" srcset=\"https:\/\/diarioregionaldigital.com.br\/wp-content\/uploads\/2018\/08\/CLICK-IN-MODA-1.jpeg 854w, https:\/\/diarioregionaldigital.com.br\/wp-content\/uploads\/2018\/08\/CLICK-IN-MODA-1-200x300.jpeg 200w, https:\/\/diarioregionaldigital.com.br\/wp-content\/uploads\/2018\/08\/CLICK-IN-MODA-1-768x1151.jpeg 768w, https:\/\/diarioregionaldigital.com.br\/wp-content\/uploads\/2018\/08\/CLICK-IN-MODA-1-683x1024.jpeg 683w, https:\/\/diarioregionaldigital.com.br\/wp-content\/uploads\/2018\/08\/CLICK-IN-MODA-1-360x540.jpeg 360w\" sizes=\"auto, (max-width: 854px) 100vw, 854px\" \/><\/p>\n<p>&nbsp;<\/p>\n<p><strong>\u00a0<\/strong><\/p>\n","protected":false},"excerpt":{"rendered":"<p>BALENCIAGA TRACK Depois do Triple S, o Chunky Sneaker da Balenciaga que virou febre mundial, a marca francesa divulgou como ser\u00e1 as vendas da sua nova aposta, o sneaker Track. Inspirado no universo do montanhismo, ele possui solado com travas e \u00e9 robusto, lembrando os t\u00eanis usados para a pr\u00e1tica. As primeiras vendas acontecer\u00e3o por [&hellip;]<\/p>\n","protected":false},"author":96,"featured_media":117197,"comment_status":"closed","ping_status":"closed","sticky":false,"template":"","format":"standard","meta":{"footnotes":""},"categories":[436,285,439],"tags":[],"class_list":["post-117191","post","type-post","status-publish","format-standard","has-post-thumbnail","hentry","category-destaque-da-semana","category-moda-ana-paula-calixto","category-ultima-hora"],"_links":{"self":[{"href":"https:\/\/diarioregionaldigital.com.br\/index.php?rest_route=\/wp\/v2\/posts\/117191","targetHints":{"allow":["GET"]}}],"collection":[{"href":"https:\/\/diarioregionaldigital.com.br\/index.php?rest_route=\/wp\/v2\/posts"}],"about":[{"href":"https:\/\/diarioregionaldigital.com.br\/index.php?rest_route=\/wp\/v2\/types\/post"}],"author":[{"embeddable":true,"href":"https:\/\/diarioregionaldigital.com.br\/index.php?rest_route=\/wp\/v2\/users\/96"}],"replies":[{"embeddable":true,"href":"https:\/\/diarioregionaldigital.com.br\/index.php?rest_route=%2Fwp%2Fv2%2Fcomments&post=117191"}],"version-history":[{"count":0,"href":"https:\/\/diarioregionaldigital.com.br\/index.php?rest_route=\/wp\/v2\/posts\/117191\/revisions"}],"wp:featuredmedia":[{"embeddable":true,"href":"https:\/\/diarioregionaldigital.com.br\/index.php?rest_route=\/wp\/v2\/media\/117197"}],"wp:attachment":[{"href":"https:\/\/diarioregionaldigital.com.br\/index.php?rest_route=%2Fwp%2Fv2%2Fmedia&parent=117191"}],"wp:term":[{"taxonomy":"category","embeddable":true,"href":"https:\/\/diarioregionaldigital.com.br\/index.php?rest_route=%2Fwp%2Fv2%2Fcategories&post=117191"},{"taxonomy":"post_tag","embeddable":true,"href":"https:\/\/diarioregionaldigital.com.br\/index.php?rest_route=%2Fwp%2Fv2%2Ftags&post=117191"}],"curies":[{"name":"wp","href":"https:\/\/api.w.org\/{rel}","templated":true}]}}