{"id":117174,"date":"2018-09-02T06:00:37","date_gmt":"2018-09-02T09:00:37","guid":{"rendered":"https:\/\/diarioregionaldigital.com.br\/?p=117174"},"modified":"2018-08-30T21:27:39","modified_gmt":"2018-08-31T00:27:39","slug":"sustentabilidade","status":"publish","type":"post","link":"https:\/\/diarioregionaldigital.com.br\/?p=117174","title":{"rendered":"Sustentabilidade&#8230;"},"content":{"rendered":"<p><span style=\"font-weight: 400;\">Vamos tentar responder alguns leitores sobre o assunto, lembrando que o conceito de sustentabilidade era visto como um ideal ut\u00f3pico e de pouca aplicabilidade pr\u00e1tica. Nestes praticamente 40 anos depois, se incorporou ao cotidiano da sociedade tal fato em raz\u00e3o de vivermos em mundo que mudou o local de moradia cada vez mais urbano, onde equilibrar nossas demandas com os recursos dispon\u00edveis tornou-se um grande desafio da humanidade. Isto porque um estudo da Organiza\u00e7\u00e3o das Na\u00e7\u00f5es Unidas (ONU) onde apontada uma estimativa que, at\u00e9 2050, pelo menos tr\u00eas quartos (75%) da popula\u00e7\u00e3o mundial estar\u00e3o vivendo em cidades, ao contr\u00e1rio do in\u00edcio do s\u00e9culo XX, onde de cada 10 pessoas, nove moravam e trabalhavam no campo. Fazendo uma an\u00e1lise se por um lado o fato de termos um n\u00famero enorme de habitantes em \u00e1reas densamente povoadas ajuda a organizar os eixos de infraestrutura envolta do planeta, o que essa ocupa\u00e7\u00e3o gera efeitos colaterais, como um alto \u00edndice de doen\u00e7as, criminalidade e grande efeito de polui\u00e7\u00e3o. Da\u00ed surge o aspecto que esse caminho sem volta nos traz como suprir necessidades das gera\u00e7\u00f5es atuais sem afetar as futuras?<\/span><\/p>\n<p><span style=\"font-weight: 400;\">Segundo a Engenharia Civil Dra. Clarice Menezes Degani, que tem forma\u00e7\u00e3o em sustentabilidade, as estrat\u00e9gias de constru\u00e7\u00e3o e gest\u00e3o predial (condominial) poder\u00e3o fazer toda a diferen\u00e7a nesse cen\u00e1rio. Pelo seu excelente trabalho junto a diversas organiza\u00e7\u00f5es, ela aponta a necessidade de desenvolvimento de estrat\u00e9gias que minimizem os impactos de um canteiro de obras. Onde deve ser adotar medidas que visem reduzir o desperd\u00edcio de materiais e a emiss\u00e3o de poeira e os inc\u00f4modos a vizinhan\u00e7a.<\/span><\/p>\n<p><span style=\"font-weight: 400;\">A Dra. Clarice Menezes comenta que um bom projeto de arquitetura e de instala\u00e7\u00f5es prediais por si s\u00f3, j\u00e1 deveria ter compromisso degarantir solu\u00e7\u00f5es de desempenho que possam assegurar a sustentabilidade das edifica\u00e7\u00f5es. Um edif\u00edcio sustent\u00e1vel de fato apenas consegue tirar proveito de todas as solu\u00e7\u00f5es de sustentabilidade nele embarcadas se houver uma gest\u00e3o condominial (predial) eficiente. Para isso deve haver um sistema pautado pela capacita\u00e7\u00e3o profissional, com contratos dos servi\u00e7os vinculados a desempenho, rotinas de monitoramento de consumo, emiss\u00f5es e qualidade dos ambientes, entre outros fatores.<\/span><\/p>\n<p><span style=\"font-weight: 400;\">As gest\u00f5es condominiais precisam se profissionalizar para que possam ter em m\u00e3os um levantamento dos consumos de agua, energia e g\u00e1s em seus condom\u00ednios, visando obter os indicadores de consumo locais, n\u00e3o apenas para serem exibidos aos cond\u00f4minos, mas sim, a partir desse conhecimento \u00e9 que poder\u00e3o ser identificadas melhores pr\u00e1ticas a serem adotadas pelos condom\u00ednios para sua redu\u00e7\u00e3o. Com o exemplo citamos para economizar agua, o primeiro passo \u00e9 o diagn\u00f3stico dos sistemas consumidores do condom\u00ednio. A partir desse diagn\u00f3stico, o s\u00edndico (gestor) passa a ter conhecimento dos pontos de maior consumo, identifica eventuais pontos de vazamentos, e poder\u00e1 escolher as solu\u00e7\u00f5es em sistema prediais, em equipamentos ou at\u00e9 mesmo em simples mudan\u00e7as de rotinas operacionais nas atividades de limpeza, para reeduca\u00e7\u00e3o no consumo de agua. A ado\u00e7\u00e3o de hidr\u00f4metros setorizados em longos trechos de distribui\u00e7\u00e3o e nas unidades aut\u00f4nomas torna-se essencial para que haja um padr\u00e3o \u00fanico de uso em todas as unidades, uma vez que o sistema hidr\u00e1ulico precisa ser fiscalizado e deve ser id\u00eantico em todas as unidades, principalmente no que se refere a vasos sanit\u00e1rios, ou seja, mesmo tipo de descarga.<\/span><\/p>\n<p><span style=\"font-weight: 400;\">Obrigado, continuem comunicando conosco atrav\u00e9s do e-mail: tirandotodasduvidas@gmail.com e fale com o consultor Fl\u00e1vio Almeida Chaves Pereira.<\/span><\/p>\n<p><span style=\"font-weight: 400;\">At\u00e9 o pr\u00f3ximo.<\/span><\/p>\n","protected":false},"excerpt":{"rendered":"<p>Vamos tentar responder alguns leitores sobre o assunto, lembrando que o conceito de sustentabilidade era visto como um ideal ut\u00f3pico e de pouca aplicabilidade pr\u00e1tica. Nestes praticamente 40 anos depois, se incorporou ao cotidiano da sociedade tal fato em raz\u00e3o de vivermos em mundo que mudou o local de moradia cada vez mais urbano, onde [&hellip;]<\/p>\n","protected":false},"author":96,"featured_media":97691,"comment_status":"closed","ping_status":"closed","sticky":false,"template":"","format":"standard","meta":{"footnotes":""},"categories":[297,436,439],"tags":[],"class_list":["post-117174","post","type-post","status-publish","format-standard","has-post-thumbnail","hentry","category-jose-maria-braz-pereira","category-destaque-da-semana","category-ultima-hora"],"_links":{"self":[{"href":"https:\/\/diarioregionaldigital.com.br\/index.php?rest_route=\/wp\/v2\/posts\/117174","targetHints":{"allow":["GET"]}}],"collection":[{"href":"https:\/\/diarioregionaldigital.com.br\/index.php?rest_route=\/wp\/v2\/posts"}],"about":[{"href":"https:\/\/diarioregionaldigital.com.br\/index.php?rest_route=\/wp\/v2\/types\/post"}],"author":[{"embeddable":true,"href":"https:\/\/diarioregionaldigital.com.br\/index.php?rest_route=\/wp\/v2\/users\/96"}],"replies":[{"embeddable":true,"href":"https:\/\/diarioregionaldigital.com.br\/index.php?rest_route=%2Fwp%2Fv2%2Fcomments&post=117174"}],"version-history":[{"count":0,"href":"https:\/\/diarioregionaldigital.com.br\/index.php?rest_route=\/wp\/v2\/posts\/117174\/revisions"}],"wp:featuredmedia":[{"embeddable":true,"href":"https:\/\/diarioregionaldigital.com.br\/index.php?rest_route=\/wp\/v2\/media\/97691"}],"wp:attachment":[{"href":"https:\/\/diarioregionaldigital.com.br\/index.php?rest_route=%2Fwp%2Fv2%2Fmedia&parent=117174"}],"wp:term":[{"taxonomy":"category","embeddable":true,"href":"https:\/\/diarioregionaldigital.com.br\/index.php?rest_route=%2Fwp%2Fv2%2Fcategories&post=117174"},{"taxonomy":"post_tag","embeddable":true,"href":"https:\/\/diarioregionaldigital.com.br\/index.php?rest_route=%2Fwp%2Fv2%2Ftags&post=117174"}],"curies":[{"name":"wp","href":"https:\/\/api.w.org\/{rel}","templated":true}]}}