{"id":117170,"date":"2018-09-02T06:00:28","date_gmt":"2018-09-02T09:00:28","guid":{"rendered":"https:\/\/diarioregionaldigital.com.br\/?p=117170"},"modified":"2018-08-30T21:22:10","modified_gmt":"2018-08-31T00:22:10","slug":"propostas-para-a-educacao-brasileira","status":"publish","type":"post","link":"https:\/\/diarioregionaldigital.com.br\/?p=117170","title":{"rendered":"Propostas para a educa\u00e7\u00e3o brasileira"},"content":{"rendered":"<p><span style=\"font-weight: 400;\">Foi dada a largada para a elei\u00e7\u00e3o do novo Presidente brasileiro. No dia 7 de outubro, domingo, o destino do pa\u00eds ser\u00e1 selado por 147,3 milh\u00f5es de eleitores que, segundo o Tribunal Superior Eleitoral (TSE), est\u00e3o aptos a votar. Com muita honra, participamos de um grupo de trabalho criado pelo F\u00f3rum das Entidades Representativas do Ensino Superior Particular, que congrega as principais organiza\u00e7\u00f5es que lutam pela melhoria da educa\u00e7\u00e3o superior particular. O objetivo foi a elabora\u00e7\u00e3o de um conjunto de propostas para melhorar a educa\u00e7\u00e3o brasileira, na forma de um dec\u00e1logo, que ser\u00e1 entregue aos presidenci\u00e1veis.<\/span><\/p>\n<p><span style=\"font-weight: 400;\">Ap\u00f3s calorosos debates, trouxemos \u00e0 tona temas que h\u00e1 tempos n\u00e3o est\u00e3o merecendo a devida aten\u00e7\u00e3o das autoridades, como o investimento na forma\u00e7\u00e3o de professores e o est\u00edmulo \u00e0 carreira docente. Precisamos acabar com as limita\u00e7\u00f5es nas condi\u00e7\u00f5es de trabalho dos mestres e dos educadores e investir na moderniza\u00e7\u00e3o dos curr\u00edculos.<\/span><\/p>\n<p><span style=\"font-weight: 400;\">Pensando na quest\u00e3o econ\u00f4mica, destacamos temas como inova\u00e7\u00e3o e forma\u00e7\u00e3o tecnol\u00f3gica na educa\u00e7\u00e3o superior, para que as novas profiss\u00f5es sejam absorvidas, ajudando a diminuir o \u00edndice de desemprego, um dos graves problemas que o pa\u00eds atravessa. Para atender a essas duas demandas, uma nova legisla\u00e7\u00e3o se faz necess\u00e1ria, assim como a implanta\u00e7\u00e3o de uma nova forma\u00e7\u00e3o para o mercado de trabalho.<\/span><\/p>\n<p><span style=\"font-weight: 400;\">A legisla\u00e7\u00e3o do Sistema Nacional de Avalia\u00e7\u00e3o da Educa\u00e7\u00e3o Superior, que \u00e9 de responsabilidade do Instituto Nacional de Estudos e Pesquisas Educacionais An\u00edsio Teixeira (Inep), uma autarquia do Minist\u00e9rio da Educa\u00e7\u00e3o, possui diversas disson\u00e2ncias que precisam ser corrigidas. Da mesma forma, o F\u00f3rum defende que o acesso a programas de inclus\u00e3o social, como o Fies e ProUni, precisa ser ampliado, como uso de crit\u00e9rios mais adequados.<\/span><\/p>\n<p><span style=\"font-weight: 400;\">Temos hoje, aqui no Brasil, quase 1,8 milh\u00e3o de estudantes na modalidade de Educa\u00e7\u00e3o \u00e0 Dist\u00e2ncia (EAD), com um consistente crescimento. Defendemos uma regulamenta\u00e7\u00e3o mais flex\u00edvel da EAD, a fim de promover o crescimento do n\u00famero de alunos, assegurando a qualidade, por ser um fator significativo para o desenvolvimento regional, econ\u00f4mico e social brasileiro.<\/span><\/p>\n<p><span style=\"font-weight: 400;\">Segundo censo realizado pelo governo, o setor privado representa 88% das institui\u00e7\u00f5es de educa\u00e7\u00e3o superior e \u00e9 respons\u00e1vel por 75% das matr\u00edculas. Esses n\u00fameros credenciam o setor a pleitear o aumento de sua participa\u00e7\u00e3o na elabora\u00e7\u00e3o das pol\u00edticas p\u00fablicas para a educa\u00e7\u00e3o superior, uma reivindica\u00e7\u00e3o que nos parece justa e digna.<\/span><\/p>\n<p><span style=\"font-weight: 400;\">Quando ocorre mudan\u00e7a de governo no Brasil, a primeira coisa que se faz \u00e9 trocar as diretrizes tra\u00e7adas para o setor educacional. Esse \u00e9 um males que assola o nosso pa\u00eds. O F\u00f3rum defende o estabelecimento de uma pol\u00edtica de Estado para a educa\u00e7\u00e3o superior, de longo prazo, conferindo seguran\u00e7a jur\u00eddica aos agentes envolvidos.<\/span><\/p>\n<p><span style=\"font-weight: 400;\">N\u00e3o adianta lutar por uma educa\u00e7\u00e3o superior de qualidade se os sistemas que o antecedem carecem de reformas urgentes. Por isso, o F\u00f3rum n\u00e3o deixou de incluir tamb\u00e9m em suas sugest\u00f5es temas como combater o analfabetismo e avan\u00e7ar na reformula\u00e7\u00e3o da educa\u00e7\u00e3o b\u00e1sica. Feito isso, o ensino superior poder\u00e1 deslanchar, com certeza.<\/span><\/p>\n<p><span style=\"font-weight: 400;\">O dec\u00e1logo foi lan\u00e7ado. Agora, esperamos que os presidenci\u00e1veis abracem as ideias contidas no documento e as incluam em seus programas de governo, transformando a educa\u00e7\u00e3o efetivamente em uma pol\u00edtica p\u00fablica priorit\u00e1ria pa\u00eds. <\/span><\/p>\n<p>&nbsp;<\/p>\n","protected":false},"excerpt":{"rendered":"<p>Foi dada a largada para a elei\u00e7\u00e3o do novo Presidente brasileiro. No dia 7 de outubro, domingo, o destino do pa\u00eds ser\u00e1 selado por 147,3 milh\u00f5es de eleitores que, segundo o Tribunal Superior Eleitoral (TSE), est\u00e3o aptos a votar. Com muita honra, participamos de um grupo de trabalho criado pelo F\u00f3rum das Entidades Representativas do [&hellip;]<\/p>\n","protected":false},"author":96,"featured_media":96753,"comment_status":"closed","ping_status":"closed","sticky":false,"template":"","format":"standard","meta":{"footnotes":""},"categories":[275,436,439],"tags":[],"class_list":["post-117170","post","type-post","status-publish","format-standard","has-post-thumbnail","hentry","category-arnaldo-niskier","category-destaque-da-semana","category-ultima-hora"],"_links":{"self":[{"href":"https:\/\/diarioregionaldigital.com.br\/index.php?rest_route=\/wp\/v2\/posts\/117170","targetHints":{"allow":["GET"]}}],"collection":[{"href":"https:\/\/diarioregionaldigital.com.br\/index.php?rest_route=\/wp\/v2\/posts"}],"about":[{"href":"https:\/\/diarioregionaldigital.com.br\/index.php?rest_route=\/wp\/v2\/types\/post"}],"author":[{"embeddable":true,"href":"https:\/\/diarioregionaldigital.com.br\/index.php?rest_route=\/wp\/v2\/users\/96"}],"replies":[{"embeddable":true,"href":"https:\/\/diarioregionaldigital.com.br\/index.php?rest_route=%2Fwp%2Fv2%2Fcomments&post=117170"}],"version-history":[{"count":0,"href":"https:\/\/diarioregionaldigital.com.br\/index.php?rest_route=\/wp\/v2\/posts\/117170\/revisions"}],"wp:featuredmedia":[{"embeddable":true,"href":"https:\/\/diarioregionaldigital.com.br\/index.php?rest_route=\/wp\/v2\/media\/96753"}],"wp:attachment":[{"href":"https:\/\/diarioregionaldigital.com.br\/index.php?rest_route=%2Fwp%2Fv2%2Fmedia&parent=117170"}],"wp:term":[{"taxonomy":"category","embeddable":true,"href":"https:\/\/diarioregionaldigital.com.br\/index.php?rest_route=%2Fwp%2Fv2%2Fcategories&post=117170"},{"taxonomy":"post_tag","embeddable":true,"href":"https:\/\/diarioregionaldigital.com.br\/index.php?rest_route=%2Fwp%2Fv2%2Ftags&post=117170"}],"curies":[{"name":"wp","href":"https:\/\/api.w.org\/{rel}","templated":true}]}}