{"id":117168,"date":"2018-09-02T06:14:08","date_gmt":"2018-09-02T09:14:08","guid":{"rendered":"https:\/\/diarioregionaldigital.com.br\/?p=117168"},"modified":"2018-08-30T21:43:31","modified_gmt":"2018-08-31T00:43:31","slug":"descarte-incorreto-de-lixo-eletronico-e-um-grande-problema-para-o-meio-ambiente","status":"publish","type":"post","link":"https:\/\/diarioregionaldigital.com.br\/?p=117168","title":{"rendered":"Descarte incorreto de lixo eletr\u00f4nico \u00e9 um grande problema para o meio ambiente"},"content":{"rendered":"<p>O lixo eletr\u00f4nico \u00e9 composto por res\u00edduo material resultado do descarte de equipamentos eletr\u00f4nicos. Nos dias de hoje, vivemos cercados de uma grande quantidade de equipamentos eletr\u00f4nicos, constantemente fazemos a troca deles e com isso surge um grande problema para o meio ambiente, j\u00e1 que parte desse lixo n\u00e3o \u00e9 descartada de forma correta. Produtos como celulares, computadores, baterias, televis\u00f5es entre outros, s\u00e3o apenas alguns tipos de lixo eletr\u00f4nico. Esses produtos liberam metais, como chumbo, merc\u00fario, cromo, n\u00edquel e outros, e o descarte incorreto pode resultar na contamina\u00e7\u00e3o da \u00e1gua ou do solo.<\/p>\n<p>Somente no ano de 2016, o Brasil gerou 1,5 milh\u00e3o de toneladas de\u00a0lixo\u00a0eletr\u00f4nico. Esse n\u00famero coloca o pa\u00eds como o segundo maior gerador desse tipo de res\u00edduo no continente americano, atr\u00e1s apenas dos Estados Unidos, que produziram 6,3 milh\u00f5es de toneladas de lixo eletr\u00f4nico no mesmo per\u00edodo. No mundo todo, tamb\u00e9m em 2016, esse n\u00famero chegou a 44,7 milh\u00f5es de toneladas de lixo. Essa quantidade \u00e9 8% maior comparada com o ano anterior (2015).<\/p>\n<p>Esses dados foram apresentados pelo\u00a0Global E-waste Monitor 2017, relat\u00f3rio internacional feito pela Universidade das Na\u00e7\u00f5es Unidas (UNU) em parceria com outras institui\u00e7\u00f5es. O relat\u00f3rio ainda aponta que at\u00e9 2021, a gera\u00e7\u00e3o do lixo eletr\u00f4nico global deve aumentar 17%, superando a marca de 50 milh\u00f5es de toneladas por ano.<\/p>\n<p>No Brasil existe a Lei n\u00ba 12.305\/10, que institui a Pol\u00edtica Nacional de Res\u00edduos S\u00f3lidos (PNRS) que regula a preven\u00e7\u00e3o e tamb\u00e9m a redu\u00e7\u00e3o na gera\u00e7\u00e3o de res\u00edduos. A proposta contida na Lei \u00e9 uma pol\u00edtica de desenvolvimento sustent\u00e1vel, incentivando a pr\u00e1tica de h\u00e1bitos de consumo equilibrado com o consumo m\u00ednimo dos recursos naturais, buscando propiciar o aumento da reciclagem e da reutiliza\u00e7\u00e3o dos res\u00edduos s\u00f3lidos (o que tem valor econ\u00f4mico e pode ser reciclado ou reaproveitado) e a destina\u00e7\u00e3o ambientalmente adequada dos rejeitos (o que n\u00e3o pode ser reciclado ou reutilizado). A Lei institui a responsabilidade compartilhada dos geradores desses res\u00edduos: os fabricantes, importadores, distribuidores, comerciantes e tamb\u00e9m o cidad\u00e3o.<\/p>\n<p>Em Juiz de Fora, a empresa de sustentabilidade E-Ambiental desenvolve um projeto de reciclar, reutilizar e restaurar boa parte dos equipamentos sucateados de Pessoa F\u00edsica e Jur\u00eddica. A empresa, que existe h\u00e1 dois anos, recebe os materiais eletr\u00f4nicos que seriam descartados e os restauram. Segundo Leandro Medeiros, s\u00f3cio-propriet\u00e1rio da empresa, o objetivo \u00e9 orientar a popula\u00e7\u00e3o sobre a import\u00e2ncia de realizar o procedimento correto. \u201cA empresa \u00e9 voltada para reciclagem desde o in\u00edcio, voltada mais para o lixo eletr\u00f4nico. Fazemos algumas atividades em outras \u00e1reas da reciclagem porque estamos tentando implantar na popula\u00e7\u00e3o uma educa\u00e7\u00e3o ambiental. \u00c9 atrav\u00e9s da educa\u00e7\u00e3o que conseguimos um resultado melhor<em>\u201d<\/em>. Com esse projeto, eles ainda desenvolvem um trabalho social, pois a m\u00e3o de obra usada para desmontar esses equipamentos \u00e9 de detentos do CERESP (Centro de Remanejamento do Sistema Prisional).<\/p>\n<p>No Brasil, apenas 3% do lixo eletr\u00f4nico \u00e9 coletado de forma correta. De acordo com Medeiros, h\u00e1 poucas informa\u00e7\u00f5es sobre esse assunto. <em>\u201c<\/em>\u00c9 algo muito recente e quando falamos de lixo eletr\u00f4nico tem pouca informa\u00e7\u00e3o e \u00e9 um lixo que tem uma crescente muito grande. As empresas em Minas Gerais licenciadas s\u00e3o a nossa e mais duas. Dentro de Juiz de Fora esse trabalho \u00e9 pioneiro e coloca a cidade como um se fosse um p\u00f3lo de reciclagem do lixo eletr\u00f4nico<em>\u201d.<\/em><\/p>\n\n\t\t<style type=\"text\/css\">\n\t\t\t#gallery-1 {\n\t\t\t\tmargin: auto;\n\t\t\t}\n\t\t\t#gallery-1 .gallery-item {\n\t\t\t\tfloat: left;\n\t\t\t\tmargin-top: 10px;\n\t\t\t\ttext-align: center;\n\t\t\t\twidth: 50%;\n\t\t\t}\n\t\t\t#gallery-1 img {\n\t\t\t\tborder: 2px solid #cfcfcf;\n\t\t\t}\n\t\t\t#gallery-1 .gallery-caption {\n\t\t\t\tmargin-left: 0;\n\t\t\t}\n\t\t\t\/* see gallery_shortcode() in wp-includes\/media.php *\/\n\t\t<\/style>\n\t\t<div id='gallery-1' class='gallery galleryid-117168 gallery-columns-2 gallery-size-full'><dl class='gallery-item'>\n\t\t\t<dt class='gallery-icon landscape'>\n\t\t\t\t<a href='https:\/\/diarioregionaldigital.com.br\/wp-content\/uploads\/2018\/08\/RAFAELA-FRUTUOSO-usar-essa-3-3.jpg'><img loading=\"lazy\" decoding=\"async\" width=\"3456\" height=\"2304\" src=\"https:\/\/diarioregionaldigital.com.br\/wp-content\/uploads\/2018\/08\/RAFAELA-FRUTUOSO-usar-essa-3-3.jpg\" class=\"attachment-full size-full\" alt=\"\" aria-describedby=\"gallery-1-117182\" srcset=\"https:\/\/diarioregionaldigital.com.br\/wp-content\/uploads\/2018\/08\/RAFAELA-FRUTUOSO-usar-essa-3-3.jpg 3456w, https:\/\/diarioregionaldigital.com.br\/wp-content\/uploads\/2018\/08\/RAFAELA-FRUTUOSO-usar-essa-3-3-300x200.jpg 300w, https:\/\/diarioregionaldigital.com.br\/wp-content\/uploads\/2018\/08\/RAFAELA-FRUTUOSO-usar-essa-3-3-768x512.jpg 768w, https:\/\/diarioregionaldigital.com.br\/wp-content\/uploads\/2018\/08\/RAFAELA-FRUTUOSO-usar-essa-3-3-1024x683.jpg 1024w, https:\/\/diarioregionaldigital.com.br\/wp-content\/uploads\/2018\/08\/RAFAELA-FRUTUOSO-usar-essa-3-3-360x240.jpg 360w\" sizes=\"auto, (max-width: 3456px) 100vw, 3456px\" \/><\/a>\n\t\t\t<\/dt>\n\t\t\t\t<dd class='wp-caption-text gallery-caption' id='gallery-1-117182'>\n\t\t\t\tEm Juiz de Fora esse trabalho \u00e9 pioneiro e coloca a cidade como um p\u00f3lo de reciclagem do lixo eletr\u00f4nico. \n\t\t\t\t<\/dd><\/dl><dl class='gallery-item'>\n\t\t\t<dt class='gallery-icon landscape'>\n\t\t\t\t<a href='https:\/\/diarioregionaldigital.com.br\/wp-content\/uploads\/2018\/08\/RAFAELA-FRUTUOSO-usar-essa-2-5.jpg'><img loading=\"lazy\" decoding=\"async\" width=\"3456\" height=\"2304\" src=\"https:\/\/diarioregionaldigital.com.br\/wp-content\/uploads\/2018\/08\/RAFAELA-FRUTUOSO-usar-essa-2-5.jpg\" class=\"attachment-full size-full\" alt=\"\" aria-describedby=\"gallery-1-117183\" srcset=\"https:\/\/diarioregionaldigital.com.br\/wp-content\/uploads\/2018\/08\/RAFAELA-FRUTUOSO-usar-essa-2-5.jpg 3456w, https:\/\/diarioregionaldigital.com.br\/wp-content\/uploads\/2018\/08\/RAFAELA-FRUTUOSO-usar-essa-2-5-300x200.jpg 300w, https:\/\/diarioregionaldigital.com.br\/wp-content\/uploads\/2018\/08\/RAFAELA-FRUTUOSO-usar-essa-2-5-768x512.jpg 768w, https:\/\/diarioregionaldigital.com.br\/wp-content\/uploads\/2018\/08\/RAFAELA-FRUTUOSO-usar-essa-2-5-1024x683.jpg 1024w, https:\/\/diarioregionaldigital.com.br\/wp-content\/uploads\/2018\/08\/RAFAELA-FRUTUOSO-usar-essa-2-5-360x240.jpg 360w\" sizes=\"auto, (max-width: 3456px) 100vw, 3456px\" \/><\/a>\n\t\t\t<\/dt>\n\t\t\t\t<dd class='wp-caption-text gallery-caption' id='gallery-1-117183'>\n\t\t\t\tFotos: Rafaela Frutuoso\n\t\t\t\t<\/dd><\/dl><br style=\"clear: both\" \/>\n\t\t<\/div>\n\n<p>A E-Ambiental implantou \u2018Eco Pontos\u2019 em alguns lugares de Juiz de Fora. A empresa recebe qualquer tipo de produto eletr\u00f4nico, o \u00fanico material que a empresa n\u00e3o recebe \u00e9 l\u00e2mpada fluorescente.<\/p>\n<p>As pessoas interessadas em fazer o descarte desses objetos podem entrar em contato com a E-Ambiental atrav\u00e9s do <a href=\"https:\/\/www.facebook.com\/eambientallixoeletronico\/\">da sua p\u00e1gina no Facebook<\/a>\u00a0ou ligando para o telefone (32) 3235-5769. A sede da empresa fica na rua Duque de Caxias 140B, Bairro Po\u00e7o Rico.<\/p>\n<p>&nbsp;<\/p>\n","protected":false},"excerpt":{"rendered":"<p>O lixo eletr\u00f4nico \u00e9 composto por res\u00edduo material resultado do descarte de equipamentos eletr\u00f4nicos. Nos dias de hoje, vivemos cercados de uma grande quantidade de equipamentos eletr\u00f4nicos, constantemente fazemos a troca deles e com isso surge um grande problema para o meio ambiente, j\u00e1 que parte desse lixo n\u00e3o \u00e9 descartada de forma correta. Produtos [&hellip;]<\/p>\n","protected":false},"author":96,"featured_media":117181,"comment_status":"closed","ping_status":"closed","sticky":false,"template":"","format":"standard","meta":{"footnotes":""},"categories":[253,440,439],"tags":[1025,1155,312,1154],"class_list":["post-117168","post","type-post","status-publish","format-standard","has-post-thumbnail","hentry","category-cidade","category-destaques-do-dia","category-ultima-hora","tag-diario-regional","tag-e-ambiental","tag-juiz-de-fora","tag-lixo-eletronico"],"_links":{"self":[{"href":"https:\/\/diarioregionaldigital.com.br\/index.php?rest_route=\/wp\/v2\/posts\/117168","targetHints":{"allow":["GET"]}}],"collection":[{"href":"https:\/\/diarioregionaldigital.com.br\/index.php?rest_route=\/wp\/v2\/posts"}],"about":[{"href":"https:\/\/diarioregionaldigital.com.br\/index.php?rest_route=\/wp\/v2\/types\/post"}],"author":[{"embeddable":true,"href":"https:\/\/diarioregionaldigital.com.br\/index.php?rest_route=\/wp\/v2\/users\/96"}],"replies":[{"embeddable":true,"href":"https:\/\/diarioregionaldigital.com.br\/index.php?rest_route=%2Fwp%2Fv2%2Fcomments&post=117168"}],"version-history":[{"count":0,"href":"https:\/\/diarioregionaldigital.com.br\/index.php?rest_route=\/wp\/v2\/posts\/117168\/revisions"}],"wp:featuredmedia":[{"embeddable":true,"href":"https:\/\/diarioregionaldigital.com.br\/index.php?rest_route=\/wp\/v2\/media\/117181"}],"wp:attachment":[{"href":"https:\/\/diarioregionaldigital.com.br\/index.php?rest_route=%2Fwp%2Fv2%2Fmedia&parent=117168"}],"wp:term":[{"taxonomy":"category","embeddable":true,"href":"https:\/\/diarioregionaldigital.com.br\/index.php?rest_route=%2Fwp%2Fv2%2Fcategories&post=117168"},{"taxonomy":"post_tag","embeddable":true,"href":"https:\/\/diarioregionaldigital.com.br\/index.php?rest_route=%2Fwp%2Fv2%2Ftags&post=117168"}],"curies":[{"name":"wp","href":"https:\/\/api.w.org\/{rel}","templated":true}]}}