{"id":116886,"date":"2018-08-29T08:34:36","date_gmt":"2018-08-29T11:34:36","guid":{"rendered":"https:\/\/diarioregionaldigital.com.br\/?p=116886"},"modified":"2018-08-29T08:34:36","modified_gmt":"2018-08-29T11:34:36","slug":"homem-armado-rouba-no-bairro-teixeiras-e-dispara-contra-vitima","status":"publish","type":"post","link":"https:\/\/diarioregionaldigital.com.br\/?p=116886","title":{"rendered":"Homem armado rouba no bairro Teixeiras e dispara contra v\u00edtima"},"content":{"rendered":"<p>Na madrugada desta quarta-feira, 29, uma fam\u00edlia foi v\u00edtima de assalto no bairro Teixeiras, zona Sul de Juiz de Fora. Por volta de 2h, pai e filho sa\u00edam de sua casa, na Rua Comendador Pantaleone Arcuri, para uma viagem quando foram surpreendidos por um homem negro alto que estava armado e anunciou o assalto.<\/p>\n<p>De acordo com relato de uma das v\u00edtimas, um jovem de 23 anos, o autor roubou seu aparelho celular e, ap\u00f3s o assalto, ainda efetuou um disparo na dire\u00e7\u00e3o do pai do rapaz, por\u00e9m, o tiro n\u00e3o atingiu o homem. Em seguida, o assaltante fugiu.<\/p>\n<p>Os policiais militares chegaram a realizar rastreamento na regi\u00e3o, mas ningu\u00e9m foi encontrado.<\/p>\n","protected":false},"excerpt":{"rendered":"<p>Na madrugada desta quarta-feira, 29, uma fam\u00edlia foi v\u00edtima de assalto no bairro Teixeiras, zona Sul de Juiz de Fora. Por volta de 2h, pai e filho sa\u00edam de sua casa, na Rua Comendador Pantaleone Arcuri, para uma viagem quando foram surpreendidos por um homem negro alto que estava armado e anunciou o assalto. De [&hellip;]<\/p>\n","protected":false},"author":96,"featured_media":95836,"comment_status":"closed","ping_status":"closed","sticky":false,"template":"","format":"standard","meta":{"footnotes":""},"categories":[301],"tags":[],"class_list":["post-116886","post","type-post","status-publish","format-standard","has-post-thumbnail","hentry","category-artigos-policiais"],"_links":{"self":[{"href":"https:\/\/diarioregionaldigital.com.br\/index.php?rest_route=\/wp\/v2\/posts\/116886","targetHints":{"allow":["GET"]}}],"collection":[{"href":"https:\/\/diarioregionaldigital.com.br\/index.php?rest_route=\/wp\/v2\/posts"}],"about":[{"href":"https:\/\/diarioregionaldigital.com.br\/index.php?rest_route=\/wp\/v2\/types\/post"}],"author":[{"embeddable":true,"href":"https:\/\/diarioregionaldigital.com.br\/index.php?rest_route=\/wp\/v2\/users\/96"}],"replies":[{"embeddable":true,"href":"https:\/\/diarioregionaldigital.com.br\/index.php?rest_route=%2Fwp%2Fv2%2Fcomments&post=116886"}],"version-history":[{"count":0,"href":"https:\/\/diarioregionaldigital.com.br\/index.php?rest_route=\/wp\/v2\/posts\/116886\/revisions"}],"wp:featuredmedia":[{"embeddable":true,"href":"https:\/\/diarioregionaldigital.com.br\/index.php?rest_route=\/wp\/v2\/media\/95836"}],"wp:attachment":[{"href":"https:\/\/diarioregionaldigital.com.br\/index.php?rest_route=%2Fwp%2Fv2%2Fmedia&parent=116886"}],"wp:term":[{"taxonomy":"category","embeddable":true,"href":"https:\/\/diarioregionaldigital.com.br\/index.php?rest_route=%2Fwp%2Fv2%2Fcategories&post=116886"},{"taxonomy":"post_tag","embeddable":true,"href":"https:\/\/diarioregionaldigital.com.br\/index.php?rest_route=%2Fwp%2Fv2%2Ftags&post=116886"}],"curies":[{"name":"wp","href":"https:\/\/api.w.org\/{rel}","templated":true}]}}