{"id":116881,"date":"2018-08-29T08:20:32","date_gmt":"2018-08-29T11:20:32","guid":{"rendered":"https:\/\/diarioregionaldigital.com.br\/?p=116881"},"modified":"2018-08-29T08:24:36","modified_gmt":"2018-08-29T11:24:36","slug":"jovens-sao-presos-por-trafico-de-drogas-no-bairro-santa-efigenia","status":"publish","type":"post","link":"https:\/\/diarioregionaldigital.com.br\/?p=116881","title":{"rendered":"Jovens s\u00e3o presos por tr\u00e1fico de drogas no bairro Santa Efig\u00eania"},"content":{"rendered":"<p>Drogas e dinheiro. Esse foi o material que a Pol\u00edcia Militar (PM) apreendeu nessa ter\u00e7a-feira, 28, em uma casa na Rua Waltencir dos Santos, no bairro Santa Efig\u00eania, na zona Sul de Juiz de Fora. Ap\u00f3s uma den\u00fancia an\u00f4nima, os policiais foram at\u00e9 o local, por volta de 16h, e surpreenderam um homem, de 25 anos, e um menor, de 15 anos, que estavam traficando na regi\u00e3o.<\/p>\n<p>Na resid\u00eancia, a PM encontrou 42 papelotes de subst\u00e2ncia an\u00e1loga \u00e0 coca\u00edna, dois cigarros de maconha e R$135.\u00a0 Os objetos foram apreendidos. O jovem, de 25 anos, foi preso e o menor conduzido \u00e0 delegacia acompanhado de sua m\u00e3e, a respons\u00e1vel legal.<\/p>\n","protected":false},"excerpt":{"rendered":"<p>Drogas e dinheiro. Esse foi o material que a Pol\u00edcia Militar (PM) apreendeu nessa ter\u00e7a-feira, 28, em uma casa na Rua Waltencir dos Santos, no bairro Santa Efig\u00eania, na zona Sul de Juiz de Fora. Ap\u00f3s uma den\u00fancia an\u00f4nima, os policiais foram at\u00e9 o local, por volta de 16h, e surpreenderam um homem, de 25 [&hellip;]<\/p>\n","protected":false},"author":96,"featured_media":97342,"comment_status":"closed","ping_status":"closed","sticky":false,"template":"","format":"standard","meta":{"footnotes":""},"categories":[301],"tags":[],"class_list":["post-116881","post","type-post","status-publish","format-standard","has-post-thumbnail","hentry","category-artigos-policiais"],"_links":{"self":[{"href":"https:\/\/diarioregionaldigital.com.br\/index.php?rest_route=\/wp\/v2\/posts\/116881","targetHints":{"allow":["GET"]}}],"collection":[{"href":"https:\/\/diarioregionaldigital.com.br\/index.php?rest_route=\/wp\/v2\/posts"}],"about":[{"href":"https:\/\/diarioregionaldigital.com.br\/index.php?rest_route=\/wp\/v2\/types\/post"}],"author":[{"embeddable":true,"href":"https:\/\/diarioregionaldigital.com.br\/index.php?rest_route=\/wp\/v2\/users\/96"}],"replies":[{"embeddable":true,"href":"https:\/\/diarioregionaldigital.com.br\/index.php?rest_route=%2Fwp%2Fv2%2Fcomments&post=116881"}],"version-history":[{"count":0,"href":"https:\/\/diarioregionaldigital.com.br\/index.php?rest_route=\/wp\/v2\/posts\/116881\/revisions"}],"wp:featuredmedia":[{"embeddable":true,"href":"https:\/\/diarioregionaldigital.com.br\/index.php?rest_route=\/wp\/v2\/media\/97342"}],"wp:attachment":[{"href":"https:\/\/diarioregionaldigital.com.br\/index.php?rest_route=%2Fwp%2Fv2%2Fmedia&parent=116881"}],"wp:term":[{"taxonomy":"category","embeddable":true,"href":"https:\/\/diarioregionaldigital.com.br\/index.php?rest_route=%2Fwp%2Fv2%2Fcategories&post=116881"},{"taxonomy":"post_tag","embeddable":true,"href":"https:\/\/diarioregionaldigital.com.br\/index.php?rest_route=%2Fwp%2Fv2%2Ftags&post=116881"}],"curies":[{"name":"wp","href":"https:\/\/api.w.org\/{rel}","templated":true}]}}