{"id":116866,"date":"2018-08-29T05:50:33","date_gmt":"2018-08-29T08:50:33","guid":{"rendered":"https:\/\/diarioregionaldigital.com.br\/?p=116866"},"modified":"2018-08-29T11:06:40","modified_gmt":"2018-08-29T14:06:40","slug":"o-tabagismo-e-uma-das-principais-causas-do-cancer-de-pulmao","status":"publish","type":"post","link":"https:\/\/diarioregionaldigital.com.br\/?p=116866","title":{"rendered":"O tabagismo \u00e9 uma das principais causas do c\u00e2ncer de pulm\u00e3o"},"content":{"rendered":"<p>O dia 29 de agosto \u00e9 celebrado como o Dia Nacional de Combate ao Fumo. \u00a0A data tem como objetivo refor\u00e7ar as a\u00e7\u00f5es nacionais de sensibiliza\u00e7\u00e3o e mobiliza\u00e7\u00e3o da popula\u00e7\u00e3o para os danos sociais, pol\u00edticos econ\u00f4micos e ambientais causados pelo tabaco. Especialistas ainda alertam que em 90% dos casos de c\u00e2ncer de pulm\u00e3o est\u00e3o associados ao consumo derivado de tabaco.<\/p>\n<p>O Instituto Nacional de Combate ao C\u00e2ncer (Inca) informou que o c\u00e2ncer de pulmonar cresce em 2% por ano na sua incid\u00eancia mundial. Na \u00faltima estimativa, em 2012, foram registrados 1,82 milh\u00e3o de casos novos, sendo 1,24 milh\u00e3o em homens e 583 mil em mulheres.<\/p>\n<p>No Brasil, em 2013, foram registradas 24.490 mortes, sendo 14.811 homens e 9.675 mulheres. Em 2018, somaram-se mais 31.270 novos casos de tumores pulmonares (18.740 homens e 12.530 mulheres), segundo dados divulgados pelo Inca.<\/p>\n<p>De acordo com o cirurgi\u00e3o oncol\u00f3gico, Dr. Eliel Oliveira de Ara\u00fajo, um dos grandes problemas que dificultam o tratamento do c\u00e2ncer de pulm\u00e3o \u00e9 seus sintomas serem inespec\u00edficos, tendo o paciente um diagn\u00f3stico mais tardio. \u201cOs sintomas se parecem com tra\u00e7os de quem j\u00e1 fuma, que \u00e9 a tosse. Quando a pessoa vai procurar por ajuda, o caso j\u00e1 est\u00e1 mais avan\u00e7ado, n\u00e3o tendo a possibilidade nem de fazer a cirurgia\u201d, explicou Ara\u00fajo, ainda acrescentando que a falta de ar, a rouquid\u00e3o e dor no peito est\u00e3o associados aos sintomas.<\/p>\n<p>Ele ainda ressalta que o tumor de pulm\u00e3o \u00e9 o segundo c\u00e2ncer mais diagn\u00f3stico em homens, ficando atr\u00e1s apenas para o c\u00e2ncer de pr\u00f3stata.<\/p>\n<h3><strong>Tratamento <\/strong><\/h3>\n<p>Ap\u00f3s receber o diagn\u00f3stico, vem o pr\u00f3ximo passo: o tratamento. Ele come\u00e7a ap\u00f3s a classifica\u00e7\u00e3o do est\u00e1gio da doen\u00e7a, sendo feito um planejamento de acordo com o estado de sa\u00fade de cada pessoa. \u201c\u00c9 necess\u00e1rio verificar a sa\u00fade do paciente para ver se ele se encontra com condi\u00e7\u00f5es adequadas para os procedimentos, dependendo, tamb\u00e9m, do tamanho e da localiza\u00e7\u00e3o do tumor\u201d, ressaltou.<\/p>\n<p>O c\u00e2ncer tamb\u00e9m pode ser combatido atrav\u00e9s dos tratamentos sist\u00eamicos, como quimioterapia, terapia e imunoterapia, e radioterapia. Elas agem com o intuito de quebrarem as c\u00e9lulas tumorais microsc\u00f3picas residuais ou que estejam circulando pelo sangue.<\/p>\n<h3><strong>Maneiras de preven\u00e7\u00e3o <\/strong><\/h3>\n<p>A principal dica para evitar o c\u00e2ncer de pulm\u00e3o \u00e9 n\u00e3o fumar. Comparado com os fumantes passivos (aquele que apenas convive com o fumante), os tabagistas t\u00eam cerca de 20 a 30 vezes mais risco de desenvolver c\u00e2ncer de pulm\u00e3o.<\/p>\n<p>Outro ponto importante \u00e9 evitar a exposi\u00e7\u00e3o de certos agentes qu\u00edmicos, encontrados principalmente no ambiente ocupacional.<\/p>\n<p>Apesar de muitos acreditarem que o caso n\u00e3o possa ser revertido para quem fuma h\u00e1 anos, os benef\u00edcios come\u00e7am a aparecer em curto prazo. De duas semanas a tr\u00eas meses, a circula\u00e7\u00e3o sangu\u00ednea j\u00e1 apresenta uma melhora, al\u00e9m da fun\u00e7\u00e3o pulmonar melhorar em 30%.<\/p>\n","protected":false},"excerpt":{"rendered":"<p>O dia 29 de agosto \u00e9 celebrado como o Dia Nacional de Combate ao Fumo. \u00a0A data tem como objetivo refor\u00e7ar as a\u00e7\u00f5es nacionais de sensibiliza\u00e7\u00e3o e mobiliza\u00e7\u00e3o da popula\u00e7\u00e3o para os danos sociais, pol\u00edticos econ\u00f4micos e ambientais causados pelo tabaco. Especialistas ainda alertam que em 90% dos casos de c\u00e2ncer de pulm\u00e3o est\u00e3o associados [&hellip;]<\/p>\n","protected":false},"author":96,"featured_media":116867,"comment_status":"closed","ping_status":"closed","sticky":false,"template":"","format":"standard","meta":{"footnotes":""},"categories":[253,439],"tags":[],"class_list":["post-116866","post","type-post","status-publish","format-standard","has-post-thumbnail","hentry","category-cidade","category-ultima-hora"],"_links":{"self":[{"href":"https:\/\/diarioregionaldigital.com.br\/index.php?rest_route=\/wp\/v2\/posts\/116866","targetHints":{"allow":["GET"]}}],"collection":[{"href":"https:\/\/diarioregionaldigital.com.br\/index.php?rest_route=\/wp\/v2\/posts"}],"about":[{"href":"https:\/\/diarioregionaldigital.com.br\/index.php?rest_route=\/wp\/v2\/types\/post"}],"author":[{"embeddable":true,"href":"https:\/\/diarioregionaldigital.com.br\/index.php?rest_route=\/wp\/v2\/users\/96"}],"replies":[{"embeddable":true,"href":"https:\/\/diarioregionaldigital.com.br\/index.php?rest_route=%2Fwp%2Fv2%2Fcomments&post=116866"}],"version-history":[{"count":0,"href":"https:\/\/diarioregionaldigital.com.br\/index.php?rest_route=\/wp\/v2\/posts\/116866\/revisions"}],"wp:featuredmedia":[{"embeddable":true,"href":"https:\/\/diarioregionaldigital.com.br\/index.php?rest_route=\/wp\/v2\/media\/116867"}],"wp:attachment":[{"href":"https:\/\/diarioregionaldigital.com.br\/index.php?rest_route=%2Fwp%2Fv2%2Fmedia&parent=116866"}],"wp:term":[{"taxonomy":"category","embeddable":true,"href":"https:\/\/diarioregionaldigital.com.br\/index.php?rest_route=%2Fwp%2Fv2%2Fcategories&post=116866"},{"taxonomy":"post_tag","embeddable":true,"href":"https:\/\/diarioregionaldigital.com.br\/index.php?rest_route=%2Fwp%2Fv2%2Ftags&post=116866"}],"curies":[{"name":"wp","href":"https:\/\/api.w.org\/{rel}","templated":true}]}}