{"id":116862,"date":"2018-08-29T06:00:33","date_gmt":"2018-08-29T09:00:33","guid":{"rendered":"https:\/\/diarioregionaldigital.com.br\/?p=116862"},"modified":"2018-08-29T08:01:56","modified_gmt":"2018-08-29T11:01:56","slug":"mais-de-2-mil-infracoes-de-transito-em-faixa-exclusiva-foram-registradas-em-juiz-de-fora","status":"publish","type":"post","link":"https:\/\/diarioregionaldigital.com.br\/?p=116862","title":{"rendered":"Mais de 2 mil infra\u00e7\u00f5es de tr\u00e2nsito em faixa exclusiva foram registradas em Juiz de Fora"},"content":{"rendered":"<p>Entre janeiro e julho deste ano foram registradas 2.076 infra\u00e7\u00f5es relacionadas ao tr\u00e2nsito indevido na faixa exclusiva de \u00f4nibus na cidade, como aponta os dados do Departamento de Fiscaliza\u00e7\u00e3o de Transporte e Tr\u00e2nsito (DFTT), da Secretaria de Transporte e Tr\u00e2nsito (Settra). Esse n\u00famero aumentou quase 130% na compara\u00e7\u00e3o ao mesmo per\u00edodo do ano passado, que registrou 904 viola\u00e7\u00f5es deste porte. De acordo com o Gerente do Departamento de Fiscaliza\u00e7\u00e3o da Settra, Paulo Peron, a varia\u00e7\u00e3o nos n\u00fameros est\u00e1 associada \u00e0 fiscaliza\u00e7\u00e3o. <em>\u201c<\/em>O fato relevante para atribuirmos a esse aumento das infra\u00e7\u00f5es foi uma intensifica\u00e7\u00e3o da nossa fiscaliza\u00e7\u00e3o. A gente registra mais porque a gente intensifica mais a vigil\u00e2ncia e flagramos mais os ve\u00edculos que est\u00e3o trafegando pelas faixas exclusivas<em>\u201d.<\/em> J\u00e1 no segundo semestre deste ano, de julho a 15 de agosto, foram registradas 342 infra\u00e7\u00f5es por uso irregular de faixas exclusivas para \u00f4nibus nas Avenidas Brasil, Rio Branco e Get\u00falio Vargas.<\/p>\n<p>Em Juiz de Fora, existem 12 quil\u00f4metros de pistas exclusivas, de acordo com a Settra, os abusos no tr\u00e2nsito s\u00e3o flagrados constantemente em tr\u00eas pontos: Avenida Brasil, em frente \u00e0 rodovi\u00e1ria (sentido centro-bairro); Tamb\u00e9m na Avenida Brasil no sentido contr\u00e1rio, em frente ao muro do clube Dom Pedro (sentido bairro-centro); Na rua Coronel Vidal, atr\u00e1s da rodovi\u00e1ria (sentido bairro-centro). Ainda de acordo com o Peron, as imprud\u00eancias est\u00e3o ligadas mais ao comportamento do motorista. <em>\u201c<\/em>Atribu\u00edmos isso a pressa e a falta de paci\u00eancia s\u00e3o dois fatores aliados ao comportamento humano que levam ao motorista a cometer um ato de imprud\u00eancia no tr\u00e2nsito e de desrespeito a legisla\u00e7\u00e3o<em>\u201d.<\/em><\/p>\n<p>Conforme o C\u00f3digo de Tr\u00e2nsito Brasileiro (CTB), em seu artigo 184, classifica infra\u00e7\u00f5es como leve, grave e grav\u00edssima, transitar em faixas de tr\u00e2nsito exclusiva para determinado tipo de ve\u00edculo, categorizando algumas restri\u00e7\u00f5es.<\/p>\n<p><img loading=\"lazy\" decoding=\"async\" class=\"size-full wp-image-116864\" style=\"color: #333333; font-size: 16px;\" src=\"https:\/\/diarioregionaldigital.com.br\/wp-content\/uploads\/2018\/08\/RAFAELA-FRUTUOSO-USAR-ESSA-2-5.jpg\" alt=\"\" width=\"3456\" height=\"2304\" srcset=\"https:\/\/diarioregionaldigital.com.br\/wp-content\/uploads\/2018\/08\/RAFAELA-FRUTUOSO-USAR-ESSA-2-5.jpg 3456w, https:\/\/diarioregionaldigital.com.br\/wp-content\/uploads\/2018\/08\/RAFAELA-FRUTUOSO-USAR-ESSA-2-5-300x200.jpg 300w, https:\/\/diarioregionaldigital.com.br\/wp-content\/uploads\/2018\/08\/RAFAELA-FRUTUOSO-USAR-ESSA-2-5-768x512.jpg 768w, https:\/\/diarioregionaldigital.com.br\/wp-content\/uploads\/2018\/08\/RAFAELA-FRUTUOSO-USAR-ESSA-2-5-1024x683.jpg 1024w, https:\/\/diarioregionaldigital.com.br\/wp-content\/uploads\/2018\/08\/RAFAELA-FRUTUOSO-USAR-ESSA-2-5-360x240.jpg 360w\" sizes=\"auto, (max-width: 3456px) 100vw, 3456px\" \/><\/p>\n<p><em>Foto: Rafaela Frutuoso<\/em><\/p>\n<h3 style=\"text-align: center;\">\u00c9 considerada infra\u00e7\u00e3o leve, resultando em multa:<\/h3>\n<ul>\n<li>Transitar com o ve\u00edculo na faixa ou pista da direita, regulamentada como de circula\u00e7\u00e3o exclusiva para determinado tipo de ve\u00edculo, exceto para acesso a im\u00f3veis lindeiros ou convers\u00f5es \u00e0 direita;<\/li>\n<\/ul>\n<p>\u00c9 considerada infra\u00e7\u00e3o grave, tamb\u00e9m resultando em multa:<\/p>\n<ul>\n<li>Transitar com ve\u00edculo na faixa ou pista da esquerda regulamentada como de circula\u00e7\u00e3o exclusiva para determinado tipo de ve\u00edculo;<\/li>\n<\/ul>\n<p>Infra\u00e7\u00e3o grav\u00edssima, resultando na apreens\u00e3o do ve\u00edculo:<\/p>\n<ul>\n<li>Transitar com ve\u00edculo na faixa ou via de tr\u00e2nsito exclusivo, regulamentada com circula\u00e7\u00e3o destinada aos ve\u00edculos de transporte p\u00fablico coletivo de passageiros, salvo casos de for\u00e7a maior e com autoriza\u00e7\u00e3o do poder p\u00fablico competente.<\/li>\n<\/ul>\n<p>De acordo com a legisla\u00e7\u00e3o, ap\u00f3s a altera\u00e7\u00e3o dos valores, infra\u00e7\u00f5es consideradas grav\u00edssimas s\u00e3o penalizadas com multa de R$293,47. Esse valor aumentou 65% e entrou em vigor ap\u00f3s a <a href=\"http:\/\/www.planalto.gov.br\/ccivil_03\/_ato2015-2018\/2016\/lei\/l13281.htm\">Lei N\u00ba 13.281\/2016<\/a> ser sancionada, atualizando o valor\u00a0de todas as multas previstas no C\u00f3digo de Tr\u00e2nsito Brasileiro.<\/p>\n<h3 style=\"text-align: center;\">LOCAIS COM FAIXAS EXCLUSIVAS<\/h3>\n<p>Para o Gerente do Departamento de Fiscaliza\u00e7\u00e3o, as faixas exclusivas s\u00e3o importantes para melhorar a qualidade do transporte coletivo. <em>\u201c<\/em>O transporte coletivo transporta maior n\u00famero de passageiros do que o transporte convencional e por conta disso priorizamos a coletividade<em>. <\/em>Melhora a qualidade da opera\u00e7\u00e3o e a velocidade operacional do transporte coletivo da cidade\u201d. Os locais com as faixas exclusivas s\u00e3o: a Avenida Brasil, no sentido Centro\/Bairro, entre a Rua Am\u00e9rico Lobo e o Viaduto Ramirez Gonz\u00e1lez, com 3,5km de extens\u00e3o; Rua Coronel Vidal, passando pela Rua Henrique Burnier, Avenida Brasil at\u00e9 a Rua Ewbank da C\u00e2mara, com mais 3,6km; avenidas Francisco Bernardino (335m), entre as ruas Halfeld e S\u00e3o Sebasti\u00e3o; Get\u00falio Vargas (925m), entre as avenidas Bar\u00e3o do Rio Branco e Presidente Itamar Franco; e Bar\u00e3o do Rio Branco (3,5km), entre a Avenida Brasil e a Rua Proc\u00f3pio Teixeira.<\/p>\n","protected":false},"excerpt":{"rendered":"<p>Entre janeiro e julho deste ano foram registradas 2.076 infra\u00e7\u00f5es relacionadas ao tr\u00e2nsito indevido na faixa exclusiva de \u00f4nibus na cidade, como aponta os dados do Departamento de Fiscaliza\u00e7\u00e3o de Transporte e Tr\u00e2nsito (DFTT), da Secretaria de Transporte e Tr\u00e2nsito (Settra). Esse n\u00famero aumentou quase 130% na compara\u00e7\u00e3o ao mesmo per\u00edodo do ano passado, que [&hellip;]<\/p>\n","protected":false},"author":96,"featured_media":116863,"comment_status":"closed","ping_status":"closed","sticky":false,"template":"","format":"standard","meta":{"footnotes":""},"categories":[253,440,439],"tags":[],"class_list":["post-116862","post","type-post","status-publish","format-standard","has-post-thumbnail","hentry","category-cidade","category-destaques-do-dia","category-ultima-hora"],"_links":{"self":[{"href":"https:\/\/diarioregionaldigital.com.br\/index.php?rest_route=\/wp\/v2\/posts\/116862","targetHints":{"allow":["GET"]}}],"collection":[{"href":"https:\/\/diarioregionaldigital.com.br\/index.php?rest_route=\/wp\/v2\/posts"}],"about":[{"href":"https:\/\/diarioregionaldigital.com.br\/index.php?rest_route=\/wp\/v2\/types\/post"}],"author":[{"embeddable":true,"href":"https:\/\/diarioregionaldigital.com.br\/index.php?rest_route=\/wp\/v2\/users\/96"}],"replies":[{"embeddable":true,"href":"https:\/\/diarioregionaldigital.com.br\/index.php?rest_route=%2Fwp%2Fv2%2Fcomments&post=116862"}],"version-history":[{"count":0,"href":"https:\/\/diarioregionaldigital.com.br\/index.php?rest_route=\/wp\/v2\/posts\/116862\/revisions"}],"wp:featuredmedia":[{"embeddable":true,"href":"https:\/\/diarioregionaldigital.com.br\/index.php?rest_route=\/wp\/v2\/media\/116863"}],"wp:attachment":[{"href":"https:\/\/diarioregionaldigital.com.br\/index.php?rest_route=%2Fwp%2Fv2%2Fmedia&parent=116862"}],"wp:term":[{"taxonomy":"category","embeddable":true,"href":"https:\/\/diarioregionaldigital.com.br\/index.php?rest_route=%2Fwp%2Fv2%2Fcategories&post=116862"},{"taxonomy":"post_tag","embeddable":true,"href":"https:\/\/diarioregionaldigital.com.br\/index.php?rest_route=%2Fwp%2Fv2%2Ftags&post=116862"}],"curies":[{"name":"wp","href":"https:\/\/api.w.org\/{rel}","templated":true}]}}