{"id":116860,"date":"2018-08-29T06:00:35","date_gmt":"2018-08-29T09:00:35","guid":{"rendered":"https:\/\/diarioregionaldigital.com.br\/?p=116860"},"modified":"2018-08-29T16:34:15","modified_gmt":"2018-08-29T19:34:15","slug":"lancamento-2","status":"publish","type":"post","link":"https:\/\/diarioregionaldigital.com.br\/?p=116860","title":{"rendered":"Lan\u00e7amento"},"content":{"rendered":"<p style=\"text-align: center;\"><strong>Celebra\u00e7\u00e3o<\/strong><\/p>\n<p style=\"text-align: center;\">O Museu de Arte Popular, sediado no Forum da Cultura da UFJF, programou para agosto a mostra comemorativa do m\u00eas do folclore. A mostra sobre Folclores Regionais pode ser visitada at\u00e9 31 de agosto. S\u00e3o Cento e vinte obras de estatu\u00e1ria reunidas em diversos n\u00facleos tem\u00e1ticos representando manifesta\u00e7\u00f5es dram\u00e1ticas com dan\u00e7as at\u00e9 obras de prote\u00e7\u00e3o espiritual.<\/p>\n<p style=\"text-align: center;\"><strong>CES\/JF<\/strong><\/p>\n<p style=\"text-align: center;\">O curso de Teologia do CES\/JF realizar\u00e1 no dia 28 de agosto, \u00e0s 19h, no Semin\u00e1rio Arquidiocesano Santo Ant\u00f4nio, a aula magna com o tema \u201cPor uma espiritualidade do morrer\u201d. A palestrante ser\u00e1 a professora Me. Adriana Viccini Brega Quinet de Andrade. Entrada franca ao p\u00fablico.<\/p>\n<p style=\"text-align: center;\"><strong>Lan\u00e7amento<\/strong><\/p>\n<p style=\"text-align: center;\">A FIEMG, o Sebrae e o Sinduscon-JF promovem em Juiz de Fora, na quarta-feira, 29, um caf\u00e9 da manh\u00e3 voltado para os profissionais da imprensa para o lan\u00e7amento oficial do projeto do Minascon 2018 \u2013 maior evento da cadeira produtiva da constru\u00e7\u00e3o de Minas Gerais, que este ano ser\u00e1 realizada na cidade, de 25 a 27 de setembro, no Trade Hotel.<\/p>\n<div id=\"attachment_116845\" style=\"width: 690px\" class=\"wp-caption aligncenter\"><img loading=\"lazy\" decoding=\"async\" aria-describedby=\"caption-attachment-116845\" class=\"wp-image-116845\" src=\"https:\/\/diarioregionaldigital.com.br\/wp-content\/uploads\/2018\/08\/fotoa-16-e1535494783742.jpg\" alt=\"\" width=\"680\" height=\"534\" srcset=\"https:\/\/diarioregionaldigital.com.br\/wp-content\/uploads\/2018\/08\/fotoa-16-e1535494783742.jpg 636w, https:\/\/diarioregionaldigital.com.br\/wp-content\/uploads\/2018\/08\/fotoa-16-e1535494783742-300x235.jpg 300w, https:\/\/diarioregionaldigital.com.br\/wp-content\/uploads\/2018\/08\/fotoa-16-e1535494783742-360x282.jpg 360w\" sizes=\"auto, (max-width: 680px) 100vw, 680px\" \/><p id=\"caption-attachment-116845\" class=\"wp-caption-text\">Direto de Miracema (RJ) para esta coluna o modelo bonit\u00e3o Josean Pestana<\/p><\/div>\n<div id=\"attachment_116846\" style=\"width: 690px\" class=\"wp-caption aligncenter\"><img loading=\"lazy\" decoding=\"async\" aria-describedby=\"caption-attachment-116846\" class=\"wp-image-116846\" src=\"https:\/\/diarioregionaldigital.com.br\/wp-content\/uploads\/2018\/08\/fotob-17-e1535494833524.jpg\" alt=\"\" width=\"680\" height=\"528\" srcset=\"https:\/\/diarioregionaldigital.com.br\/wp-content\/uploads\/2018\/08\/fotob-17-e1535494833524.jpg 836w, https:\/\/diarioregionaldigital.com.br\/wp-content\/uploads\/2018\/08\/fotob-17-e1535494833524-300x233.jpg 300w, https:\/\/diarioregionaldigital.com.br\/wp-content\/uploads\/2018\/08\/fotob-17-e1535494833524-768x596.jpg 768w, https:\/\/diarioregionaldigital.com.br\/wp-content\/uploads\/2018\/08\/fotob-17-e1535494833524-360x279.jpg 360w\" sizes=\"auto, (max-width: 680px) 100vw, 680px\" \/><p id=\"caption-attachment-116846\" class=\"wp-caption-text\">Mulheres lindas festejando a vida em Ub\u00e1, Thais Martins, Mar\u00edlia Allemand e Nat\u00e1lia Oliveira<\/p><\/div>\n<div id=\"attachment_116847\" style=\"width: 690px\" class=\"wp-caption aligncenter\"><img loading=\"lazy\" decoding=\"async\" aria-describedby=\"caption-attachment-116847\" class=\"wp-image-116847\" src=\"https:\/\/diarioregionaldigital.com.br\/wp-content\/uploads\/2018\/08\/fotobb-12-e1535494929252.jpg\" alt=\"\" width=\"680\" height=\"519\" srcset=\"https:\/\/diarioregionaldigital.com.br\/wp-content\/uploads\/2018\/08\/fotobb-12-e1535494929252.jpg 521w, https:\/\/diarioregionaldigital.com.br\/wp-content\/uploads\/2018\/08\/fotobb-12-e1535494929252-300x229.jpg 300w, https:\/\/diarioregionaldigital.com.br\/wp-content\/uploads\/2018\/08\/fotobb-12-e1535494929252-360x275.jpg 360w\" sizes=\"auto, (max-width: 680px) 100vw, 680px\" \/><p id=\"caption-attachment-116847\" class=\"wp-caption-text\">A diretora-pedag\u00f3gica do Col\u00e9gio Santos Anjos, C\u00e1tia Maria Rodrigues, recebeu em BH o \u201cTr\u00f3feu Malala Yousafzai\u201d na \u00e1rea de Educa\u00e7\u00e3o e Gest\u00e3o Humanizadora<\/p><\/div>\n<div id=\"attachment_116848\" style=\"width: 690px\" class=\"wp-caption aligncenter\"><img loading=\"lazy\" decoding=\"async\" aria-describedby=\"caption-attachment-116848\" class=\"wp-image-116848\" src=\"https:\/\/diarioregionaldigital.com.br\/wp-content\/uploads\/2018\/08\/fotoc-15-e1535494958967.jpg\" alt=\"\" width=\"680\" height=\"446\" srcset=\"https:\/\/diarioregionaldigital.com.br\/wp-content\/uploads\/2018\/08\/fotoc-15-e1535494958967.jpg 1091w, https:\/\/diarioregionaldigital.com.br\/wp-content\/uploads\/2018\/08\/fotoc-15-e1535494958967-300x197.jpg 300w, https:\/\/diarioregionaldigital.com.br\/wp-content\/uploads\/2018\/08\/fotoc-15-e1535494958967-768x504.jpg 768w, https:\/\/diarioregionaldigital.com.br\/wp-content\/uploads\/2018\/08\/fotoc-15-e1535494958967-1024x672.jpg 1024w, https:\/\/diarioregionaldigital.com.br\/wp-content\/uploads\/2018\/08\/fotoc-15-e1535494958967-360x236.jpg 360w\" sizes=\"auto, (max-width: 680px) 100vw, 680px\" \/><p id=\"caption-attachment-116848\" class=\"wp-caption-text\">Gente poderosa no Espa\u00e7o Cultural Correios, Heloisa Pipa, Ivanir Ferreira e Cac\u00e1 Salermo<\/p><\/div>\n<div id=\"attachment_116849\" style=\"width: 690px\" class=\"wp-caption aligncenter\"><img loading=\"lazy\" decoding=\"async\" aria-describedby=\"caption-attachment-116849\" class=\"wp-image-116849\" src=\"https:\/\/diarioregionaldigital.com.br\/wp-content\/uploads\/2018\/08\/fotocc-5-e1535495018437.jpg\" alt=\"\" width=\"680\" height=\"548\" srcset=\"https:\/\/diarioregionaldigital.com.br\/wp-content\/uploads\/2018\/08\/fotocc-5-e1535495018437.jpg 720w, https:\/\/diarioregionaldigital.com.br\/wp-content\/uploads\/2018\/08\/fotocc-5-e1535495018437-300x242.jpg 300w, https:\/\/diarioregionaldigital.com.br\/wp-content\/uploads\/2018\/08\/fotocc-5-e1535495018437-360x290.jpg 360w\" sizes=\"auto, (max-width: 680px) 100vw, 680px\" \/><p id=\"caption-attachment-116849\" class=\"wp-caption-text\">A querida Jandira Rossini festeja seus 96 anos hoje no Bairu com amigos como Maria Pires e este colunista<\/p><\/div>\n<div id=\"attachment_116850\" style=\"width: 690px\" class=\"wp-caption aligncenter\"><img loading=\"lazy\" decoding=\"async\" aria-describedby=\"caption-attachment-116850\" class=\"wp-image-116850\" src=\"https:\/\/diarioregionaldigital.com.br\/wp-content\/uploads\/2018\/08\/fotod-15-e1535495064677.jpg\" alt=\"\" width=\"680\" height=\"497\" srcset=\"https:\/\/diarioregionaldigital.com.br\/wp-content\/uploads\/2018\/08\/fotod-15-e1535495064677.jpg 958w, https:\/\/diarioregionaldigital.com.br\/wp-content\/uploads\/2018\/08\/fotod-15-e1535495064677-300x219.jpg 300w, https:\/\/diarioregionaldigital.com.br\/wp-content\/uploads\/2018\/08\/fotod-15-e1535495064677-768x561.jpg 768w, https:\/\/diarioregionaldigital.com.br\/wp-content\/uploads\/2018\/08\/fotod-15-e1535495064677-360x263.jpg 360w\" sizes=\"auto, (max-width: 680px) 100vw, 680px\" \/><p id=\"caption-attachment-116850\" class=\"wp-caption-text\">Em noite de gastronomia, o \u2018chef\u2019 Lucas Henrique recebeu Arthur Pires e Raphael Potter<\/p><\/div>\n<div id=\"attachment_116851\" style=\"width: 690px\" class=\"wp-caption aligncenter\"><img loading=\"lazy\" decoding=\"async\" aria-describedby=\"caption-attachment-116851\" class=\"wp-image-116851\" src=\"https:\/\/diarioregionaldigital.com.br\/wp-content\/uploads\/2018\/08\/fotoe-17-e1535495088918.jpg\" alt=\"\" width=\"680\" height=\"496\" srcset=\"https:\/\/diarioregionaldigital.com.br\/wp-content\/uploads\/2018\/08\/fotoe-17-e1535495088918.jpg 960w, https:\/\/diarioregionaldigital.com.br\/wp-content\/uploads\/2018\/08\/fotoe-17-e1535495088918-300x219.jpg 300w, https:\/\/diarioregionaldigital.com.br\/wp-content\/uploads\/2018\/08\/fotoe-17-e1535495088918-768x560.jpg 768w, https:\/\/diarioregionaldigital.com.br\/wp-content\/uploads\/2018\/08\/fotoe-17-e1535495088918-360x263.jpg 360w\" sizes=\"auto, (max-width: 680px) 100vw, 680px\" \/><p id=\"caption-attachment-116851\" class=\"wp-caption-text\">Em sintonia com o alto astral na festa Fresch, Jo\u00e3o Paulo Escobar e Daniele Brand\u00e3o<\/p><\/div>\n<div id=\"attachment_116853\" style=\"width: 690px\" class=\"wp-caption aligncenter\"><img loading=\"lazy\" decoding=\"async\" aria-describedby=\"caption-attachment-116853\" class=\"wp-image-116853\" src=\"https:\/\/diarioregionaldigital.com.br\/wp-content\/uploads\/2018\/08\/fotog-15-e1535495116803.jpg\" alt=\"\" width=\"680\" height=\"511\" srcset=\"https:\/\/diarioregionaldigital.com.br\/wp-content\/uploads\/2018\/08\/fotog-15-e1535495116803.jpg 399w, https:\/\/diarioregionaldigital.com.br\/wp-content\/uploads\/2018\/08\/fotog-15-e1535495116803-300x226.jpg 300w, https:\/\/diarioregionaldigital.com.br\/wp-content\/uploads\/2018\/08\/fotog-15-e1535495116803-360x271.jpg 360w\" sizes=\"auto, (max-width: 680px) 100vw, 680px\" \/><p id=\"caption-attachment-116853\" class=\"wp-caption-text\">Os noivos Fernanda Marques e Brendon Lopes em fino jantar em S\u00e3o Mateus com Celso Casarin Henrique e Rosangela Marques<\/p><\/div>\n<div id=\"attachment_116858\" style=\"width: 690px\" class=\"wp-caption aligncenter\"><img loading=\"lazy\" decoding=\"async\" aria-describedby=\"caption-attachment-116858\" class=\"wp-image-116858\" src=\"https:\/\/diarioregionaldigital.com.br\/wp-content\/uploads\/2018\/08\/fotoe-18-e1535495339512.jpg\" alt=\"\" width=\"680\" height=\"463\" srcset=\"https:\/\/diarioregionaldigital.com.br\/wp-content\/uploads\/2018\/08\/fotoe-18-e1535495339512.jpg 955w, https:\/\/diarioregionaldigital.com.br\/wp-content\/uploads\/2018\/08\/fotoe-18-e1535495339512-300x204.jpg 300w, https:\/\/diarioregionaldigital.com.br\/wp-content\/uploads\/2018\/08\/fotoe-18-e1535495339512-768x523.jpg 768w, https:\/\/diarioregionaldigital.com.br\/wp-content\/uploads\/2018\/08\/fotoe-18-e1535495339512-360x245.jpg 360w\" sizes=\"auto, (max-width: 680px) 100vw, 680px\" \/><p id=\"caption-attachment-116858\" class=\"wp-caption-text\">Na Mostra Conceito Sier, Alex Martins, Marina Castro e Petrillo<\/p><\/div>\n<div id=\"attachment_116859\" style=\"width: 690px\" class=\"wp-caption aligncenter\"><img loading=\"lazy\" decoding=\"async\" aria-describedby=\"caption-attachment-116859\" class=\"wp-image-116859\" src=\"https:\/\/diarioregionaldigital.com.br\/wp-content\/uploads\/2018\/08\/foto-4-e1535495311622.jpg\" alt=\"\" width=\"680\" height=\"497\" srcset=\"https:\/\/diarioregionaldigital.com.br\/wp-content\/uploads\/2018\/08\/foto-4-e1535495311622.jpg 957w, https:\/\/diarioregionaldigital.com.br\/wp-content\/uploads\/2018\/08\/foto-4-e1535495311622-300x219.jpg 300w, https:\/\/diarioregionaldigital.com.br\/wp-content\/uploads\/2018\/08\/foto-4-e1535495311622-768x562.jpg 768w, https:\/\/diarioregionaldigital.com.br\/wp-content\/uploads\/2018\/08\/foto-4-e1535495311622-360x263.jpg 360w\" sizes=\"auto, (max-width: 680px) 100vw, 680px\" \/><p id=\"caption-attachment-116859\" class=\"wp-caption-text\">Eunice Reink e Myrliane Le\u00e3o foram prestigiar no Capit\u00f3lio a formatura de Marcos Reink em Gastronomia pelo CES\/JF<\/p><\/div>\n<p style=\"text-align: center;\"><strong>FOTOSS\u00cdNTESE<\/strong><\/p>\n<p>Linda e elegante, Vera Alice Tam aterrissou no Brasil direto da Su\u00ed\u00e7a. Vem passar temporada com a fam\u00edlia e amigos em Juiz de Fora.<\/p>\n<p>F\u00e1bio Almeida (Alface) promove nesta 5\u00ba feira, \u00e0s 20h30, na Est\u00e2ncia Dom Vi\u00e7oso, o concurso n\u00ba 2 Personalidade Revela\u00e7\u00e3o Juiz de Fora em n\u00edvel infantil e teen juvenil.<\/p>\n<p>Em estilo \u00fanico acontece de 6 a 16 de setembro o lan\u00e7amento do livro e a entrega da primeira edi\u00e7\u00e3o da Medalha do Imigrante durante a Festa Alem\u00e3, no Bairro Borboleta.<\/p>\n<p>Com o intuito de doa\u00e7\u00e3o de sangue \u00e0 Funda\u00e7\u00e3o Hemominas, a 16\u00aa A\u00e7\u00e3o Volunt\u00e1ria dos colaboradores do Grupo Bahamas faz paralelo com a 4\u00aa Campanha de Doa\u00e7\u00e3o de Medula \u00d3ssea.<\/p>\n<p>A casa noturna Necessaire na Rua Halfeld, n\u00ba 395, recebe no dia 30 de agosto, \u00e0s 20h, o show de rock Olympia Tennis Club + Oru\u00e3.<\/p>\n<p>Localizado no cora\u00e7\u00e3o de S\u00e3o Pedro, o bar La Cucaracha promove no dia 31 de agosto a noite musical 3 Tributos. No palco o rock com as bandas Calango do Engenho, Tommy &amp; The Poor Boys e Cangaceiro Fantasma. \u00c0s 20h.<\/p>\n<p>J\u00falia Casali Kamil est\u00e1 em estado alfa. Ela foi a oradora de sua formatura em engenharia civil pela UFJF.<\/p>\n<p>Foi bastante concorrido o lan\u00e7amento do livro \u201cO di\u00e1rio de Nina &#8211; Companheiros da noite\u201d, na Biblioteca Municipal.<\/p>\n<p>Florinha Carmo recebe hoje no Bairu para o anivers\u00e1rio de sua m\u00e3e Jandira Rossini. Ela vai reunir velhos e novos amigos.<\/p>\n<p>Vai ter cantoria e sofr\u00eancia dia 14 de setembro, no Parque de Exposi\u00e7\u00f5es em Leopoldina, com o show de Mar\u00edlia Mendon\u00e7a.<\/p>\n<p>Vai bombar dia 15 de setembro, \u00e0s 16h, no Terrazzo a festa Feliz Ano Novo &#8211; Come Quieto. No palco, DJ Marley, Renan &amp; Cristiano e Luke.<\/p>\n<p>A\u00ed: \u201cA pot\u00eancia intelectual de um homem se mede pela dose de humor que ele \u00e9 capaz de usar\u201d. (Friedrich Nietzsche). Bom dia.<\/p>\n","protected":false},"excerpt":{"rendered":"<p>Celebra\u00e7\u00e3o O Museu de Arte Popular, sediado no Forum da Cultura da UFJF, programou para agosto a mostra comemorativa do m\u00eas do folclore. A mostra sobre Folclores Regionais pode ser visitada at\u00e9 31 de agosto. S\u00e3o Cento e vinte obras de estatu\u00e1ria reunidas em diversos n\u00facleos tem\u00e1ticos representando manifesta\u00e7\u00f5es dram\u00e1ticas com dan\u00e7as at\u00e9 obras de [&hellip;]<\/p>\n","protected":false},"author":96,"featured_media":116845,"comment_status":"closed","ping_status":"closed","sticky":false,"template":"","format":"standard","meta":{"footnotes":""},"categories":[264],"tags":[],"class_list":["post-116860","post","type-post","status-publish","format-standard","has-post-thumbnail","hentry","category-eduardo-gomes"],"_links":{"self":[{"href":"https:\/\/diarioregionaldigital.com.br\/index.php?rest_route=\/wp\/v2\/posts\/116860","targetHints":{"allow":["GET"]}}],"collection":[{"href":"https:\/\/diarioregionaldigital.com.br\/index.php?rest_route=\/wp\/v2\/posts"}],"about":[{"href":"https:\/\/diarioregionaldigital.com.br\/index.php?rest_route=\/wp\/v2\/types\/post"}],"author":[{"embeddable":true,"href":"https:\/\/diarioregionaldigital.com.br\/index.php?rest_route=\/wp\/v2\/users\/96"}],"replies":[{"embeddable":true,"href":"https:\/\/diarioregionaldigital.com.br\/index.php?rest_route=%2Fwp%2Fv2%2Fcomments&post=116860"}],"version-history":[{"count":0,"href":"https:\/\/diarioregionaldigital.com.br\/index.php?rest_route=\/wp\/v2\/posts\/116860\/revisions"}],"wp:featuredmedia":[{"embeddable":true,"href":"https:\/\/diarioregionaldigital.com.br\/index.php?rest_route=\/wp\/v2\/media\/116845"}],"wp:attachment":[{"href":"https:\/\/diarioregionaldigital.com.br\/index.php?rest_route=%2Fwp%2Fv2%2Fmedia&parent=116860"}],"wp:term":[{"taxonomy":"category","embeddable":true,"href":"https:\/\/diarioregionaldigital.com.br\/index.php?rest_route=%2Fwp%2Fv2%2Fcategories&post=116860"},{"taxonomy":"post_tag","embeddable":true,"href":"https:\/\/diarioregionaldigital.com.br\/index.php?rest_route=%2Fwp%2Fv2%2Ftags&post=116860"}],"curies":[{"name":"wp","href":"https:\/\/api.w.org\/{rel}","templated":true}]}}