{"id":116841,"date":"2018-08-28T15:19:03","date_gmt":"2018-08-28T18:19:03","guid":{"rendered":"https:\/\/diarioregionaldigital.com.br\/?p=116841"},"modified":"2018-08-28T15:19:03","modified_gmt":"2018-08-28T18:19:03","slug":"vereador-apresenta-pedido-de-informacao-a-pjf-sobre-obras-da-gasmig-na-cidade","status":"publish","type":"post","link":"https:\/\/diarioregionaldigital.com.br\/?p=116841","title":{"rendered":"Vereador apresenta pedido de informa\u00e7\u00e3o \u00e0 PJF sobre obras da Gasmig na cidade"},"content":{"rendered":"<p>O vereador Z\u00e9 M\u00e1rcio Garotinho (PV) apresentou pedido de informa\u00e7\u00e3o \u00e0 Prefeitura de Juiz de Fora (PJF) em rela\u00e7\u00e3o \u00e0s obras que a Gasmig vem realizando em Juiz de Fora nos \u00faltimos meses. O vereador quer saber quais as obriga\u00e7\u00f5es da empresa contidas nos termos de compromisso e responsabilidade celebrados entre as partes; se existe acompanhamento por parte de funcion\u00e1rios da PJF quanto \u00e0 qualidade da recomposi\u00e7\u00e3o asf\u00e1ltica; e se h\u00e1 garantia de que as obras n\u00e3o ir\u00e3o danificar as estruturas existentes, como a rede de esgoto e de \u00e1guas pluviais.<\/p>\n<p>\u201cTenho observado que a recomposi\u00e7\u00e3o do asfalto est\u00e1 p\u00e9ssima, distante do original. N\u00e3o est\u00e1 sendo feita da forma correta\u201d, disse o vereador. Segundo ele, em obras deste tipo, quando a rede de abastecimento \u00e9 danificada e ocorre um vazamento, o problema \u00e9 resolvido rapidamente. No entanto, quando a perfura\u00e7\u00e3o atinge a rede de esgoto ou de \u00e1guas pluviais, o dano n\u00e3o \u00e9 vis\u00edvel. \u201cAcaba que o dano \u00e9 muito maior porque n\u00e3o ficamos sabendo. O per\u00edodo de chuvas est\u00e1 chegando e com certeza teremos problemas em rela\u00e7\u00e3o a isso\u201d, concluiu.<\/p>\n<p>Ap\u00f3s a fala de Z\u00e9 M\u00e1rcio Garotinho (PV), o vereador Fiorilo (PTC) disse que j\u00e1 havia realizado um requerimento anteriormente pedindo que a Prefeitura fiscalize as obras.<\/p>\n<p>&nbsp;<\/p>\n<p>Fonte: Assessoria C\u00e2mara JF<\/p>\n","protected":false},"excerpt":{"rendered":"<p>O vereador Z\u00e9 M\u00e1rcio Garotinho (PV) apresentou pedido de informa\u00e7\u00e3o \u00e0 Prefeitura de Juiz de Fora (PJF) em rela\u00e7\u00e3o \u00e0s obras que a Gasmig vem realizando em Juiz de Fora nos \u00faltimos meses. O vereador quer saber quais as obriga\u00e7\u00f5es da empresa contidas nos termos de compromisso e responsabilidade celebrados entre as partes; se existe [&hellip;]<\/p>\n","protected":false},"author":96,"featured_media":116842,"comment_status":"closed","ping_status":"closed","sticky":false,"template":"","format":"standard","meta":{"footnotes":""},"categories":[254,439],"tags":[],"class_list":["post-116841","post","type-post","status-publish","format-standard","has-post-thumbnail","hentry","category-politica","category-ultima-hora"],"_links":{"self":[{"href":"https:\/\/diarioregionaldigital.com.br\/index.php?rest_route=\/wp\/v2\/posts\/116841","targetHints":{"allow":["GET"]}}],"collection":[{"href":"https:\/\/diarioregionaldigital.com.br\/index.php?rest_route=\/wp\/v2\/posts"}],"about":[{"href":"https:\/\/diarioregionaldigital.com.br\/index.php?rest_route=\/wp\/v2\/types\/post"}],"author":[{"embeddable":true,"href":"https:\/\/diarioregionaldigital.com.br\/index.php?rest_route=\/wp\/v2\/users\/96"}],"replies":[{"embeddable":true,"href":"https:\/\/diarioregionaldigital.com.br\/index.php?rest_route=%2Fwp%2Fv2%2Fcomments&post=116841"}],"version-history":[{"count":0,"href":"https:\/\/diarioregionaldigital.com.br\/index.php?rest_route=\/wp\/v2\/posts\/116841\/revisions"}],"wp:featuredmedia":[{"embeddable":true,"href":"https:\/\/diarioregionaldigital.com.br\/index.php?rest_route=\/wp\/v2\/media\/116842"}],"wp:attachment":[{"href":"https:\/\/diarioregionaldigital.com.br\/index.php?rest_route=%2Fwp%2Fv2%2Fmedia&parent=116841"}],"wp:term":[{"taxonomy":"category","embeddable":true,"href":"https:\/\/diarioregionaldigital.com.br\/index.php?rest_route=%2Fwp%2Fv2%2Fcategories&post=116841"},{"taxonomy":"post_tag","embeddable":true,"href":"https:\/\/diarioregionaldigital.com.br\/index.php?rest_route=%2Fwp%2Fv2%2Ftags&post=116841"}],"curies":[{"name":"wp","href":"https:\/\/api.w.org\/{rel}","templated":true}]}}