{"id":116837,"date":"2018-08-28T15:13:05","date_gmt":"2018-08-28T18:13:05","guid":{"rendered":"https:\/\/diarioregionaldigital.com.br\/?p=116837"},"modified":"2018-08-28T15:13:05","modified_gmt":"2018-08-28T18:13:05","slug":"proposicao-que-obriga-prefeitura-a-publicar-lista-de-espera-de-creches-e-escolas-municipais-comeca-a-tramitar-em-plenario","status":"publish","type":"post","link":"https:\/\/diarioregionaldigital.com.br\/?p=116837","title":{"rendered":"Proposi\u00e7\u00e3o que obriga Prefeitura a publicar lista de espera de creches e escolas municipais come\u00e7a a tramitar em plen\u00e1rio"},"content":{"rendered":"<p>O projeto de lei do vereador Bet\u00e3o Lula da Silva (PT) que torna obrigat\u00f3rio que a Prefeitura publique em seu site a lista de espera das creches conveniadas e escolas municipais, assim como o n\u00famero de vagas preenchidas e o n\u00famero de vagas livres em cada unidade, come\u00e7ou a tramitar em plen\u00e1rio.<\/p>\n<p>O projeto est\u00e1 sendo apreciado de forma preliminar, j\u00e1 que Comiss\u00e3o de Legisla\u00e7\u00e3o considerou a proposta inconstitucional baseado em parecer da Diretoria Jur\u00eddica da C\u00e2mara. Segundo o parecer, a proposta apresenta v\u00edcio de iniciativa, pois \u201cimp\u00f5e determina\u00e7\u00e3o, obriga\u00e7\u00e3o ao Poder Executivo encontrando-se em desacordo com os princ\u00edpios constitucionais da Harmonia e Independ\u00eancia entre os Poderes \u2013 pilares do Estado.\u201d<\/p>\n<p>O art. 94 do Regimento Interno da C\u00e2mara Municipal permite aos vereadores votarem pela derrubada do parecer da Comiss\u00e3o de Legisla\u00e7\u00e3o. Assim, a proposi\u00e7\u00e3o segue para as demais Comiss\u00f5es Permanentes antes de voltar \u00e0 Ordem do Dia, quando ser\u00e1 julgada em seu m\u00e9rito. Caso o parecer seja mantido, a proposi\u00e7\u00e3o \u00e9 arquivada.<\/p>\n<p>De acordo com o vereador Bet\u00e3o Lula da Silva (PT), \u201co objetivo \u00e9 ampliar a transpar\u00eancia ao processo de preenchimento de vagas, garantindo o acesso \u00e0 informa\u00e7\u00e3o sobre as listas de espera de inscritos para solicita\u00e7\u00e3o de matr\u00edcula de seus filhos.\u201d<\/p>\n<p>&nbsp;<\/p>\n<p>Fonte: Assessoria C\u00e2mara JF<\/p>\n","protected":false},"excerpt":{"rendered":"<p>O projeto de lei do vereador Bet\u00e3o Lula da Silva (PT) que torna obrigat\u00f3rio que a Prefeitura publique em seu site a lista de espera das creches conveniadas e escolas municipais, assim como o n\u00famero de vagas preenchidas e o n\u00famero de vagas livres em cada unidade, come\u00e7ou a tramitar em plen\u00e1rio. O projeto est\u00e1 [&hellip;]<\/p>\n","protected":false},"author":96,"featured_media":116838,"comment_status":"closed","ping_status":"closed","sticky":false,"template":"","format":"standard","meta":{"footnotes":""},"categories":[254,439],"tags":[],"class_list":["post-116837","post","type-post","status-publish","format-standard","has-post-thumbnail","hentry","category-politica","category-ultima-hora"],"_links":{"self":[{"href":"https:\/\/diarioregionaldigital.com.br\/index.php?rest_route=\/wp\/v2\/posts\/116837","targetHints":{"allow":["GET"]}}],"collection":[{"href":"https:\/\/diarioregionaldigital.com.br\/index.php?rest_route=\/wp\/v2\/posts"}],"about":[{"href":"https:\/\/diarioregionaldigital.com.br\/index.php?rest_route=\/wp\/v2\/types\/post"}],"author":[{"embeddable":true,"href":"https:\/\/diarioregionaldigital.com.br\/index.php?rest_route=\/wp\/v2\/users\/96"}],"replies":[{"embeddable":true,"href":"https:\/\/diarioregionaldigital.com.br\/index.php?rest_route=%2Fwp%2Fv2%2Fcomments&post=116837"}],"version-history":[{"count":0,"href":"https:\/\/diarioregionaldigital.com.br\/index.php?rest_route=\/wp\/v2\/posts\/116837\/revisions"}],"wp:featuredmedia":[{"embeddable":true,"href":"https:\/\/diarioregionaldigital.com.br\/index.php?rest_route=\/wp\/v2\/media\/116838"}],"wp:attachment":[{"href":"https:\/\/diarioregionaldigital.com.br\/index.php?rest_route=%2Fwp%2Fv2%2Fmedia&parent=116837"}],"wp:term":[{"taxonomy":"category","embeddable":true,"href":"https:\/\/diarioregionaldigital.com.br\/index.php?rest_route=%2Fwp%2Fv2%2Fcategories&post=116837"},{"taxonomy":"post_tag","embeddable":true,"href":"https:\/\/diarioregionaldigital.com.br\/index.php?rest_route=%2Fwp%2Fv2%2Ftags&post=116837"}],"curies":[{"name":"wp","href":"https:\/\/api.w.org\/{rel}","templated":true}]}}