{"id":116834,"date":"2018-08-28T14:55:56","date_gmt":"2018-08-28T17:55:56","guid":{"rendered":"https:\/\/diarioregionaldigital.com.br\/?p=116834"},"modified":"2018-08-28T14:55:56","modified_gmt":"2018-08-28T17:55:56","slug":"vacinacao-antirrabica-sera-nesse-sabado","status":"publish","type":"post","link":"https:\/\/diarioregionaldigital.com.br\/?p=116834","title":{"rendered":"Vacina\u00e7\u00e3o antirr\u00e1bica ser\u00e1 nesse s\u00e1bado"},"content":{"rendered":"<p>Donos de c\u00e3es e gatos a partir de tr\u00eas meses de idade devem lev\u00e1-los para vacinar no s\u00e1bado, 1\u00ba de setembro, em um dos 106 postos de vacina\u00e7\u00e3o oferecidos pelo Setor de Zoonoses do Departamento de Vigil\u00e2ncia Epidemiol\u00f3gica e Ambiental (Dvea) da Secretaria de Sa\u00fade (SS). O Minist\u00e9rio da Sa\u00fade recomenda uma dose anual da vacina antirr\u00e1bica, a fim de proteger os animais contra a raiva. As unidades funcionar\u00e3o normalmente, das 8 \u00e0s 17 horas. Confira a lista completa dos postos em anexo.<\/p>\n<p>Para os animais que est\u00e3o recebendo a primeira dose da vacina da vida, h\u00e1 recomenda\u00e7\u00e3o de uma dose de refor\u00e7o, que poder\u00e1 ser dada no dia 20 de outubro, quando ser\u00e1 realizada a segunda etapa da campanha.<\/p>\n<p>A Secretaria de Sa\u00fade realiza a vacina\u00e7\u00e3o das principais esp\u00e9cies envolvidas na transmiss\u00e3o da raiva, que s\u00e3o os c\u00e3es e gatos, e recomenda aos propriet\u00e1rios de bovinos, equ\u00eddeos, caprinos, ovinos e su\u00ednos que procedam a vacina\u00e7\u00e3o de seus animais de forma particular.<\/p>\n<p><b>Transmiss\u00e3o<\/b><\/p>\n<p>A raiva \u00e9 uma doen\u00e7a causada por v\u00edrus e pode ser transmitida ao ser humano, principalmente por mordedura e lambedura de mucosas. A zoonose pode causar encefalite e ocasiona a morte em praticamente todos os casos. De acordo com o m\u00e9dico veterin\u00e1rio respons\u00e1vel pelo Setor de Zoonoses e coordenador da Campanha de Vacina\u00e7\u00e3o Antirr\u00e1bica Animal, Jos\u00e9 Geraldo de Castro J\u00fanior, \u00e9 necess\u00e1rio ficar atento \u00e0 altera\u00e7\u00e3o de comportamento dos animais: \u201cQuando contaminados, apresentam febre, perda de apetite, agressividade, paralisia das patas, uivos e aumento de sensibilidade \u00e0 luz, procurando ficar em locais escuros. Al\u00e9m de saliva\u00e7\u00e3o e medo de \u00e1gua (hidrofobia).<\/p>\n<p><b>Casos da doen\u00e7a<\/b><\/p>\n<p>Em rela\u00e7\u00e3o \u00e0 situa\u00e7\u00e3o epidemiol\u00f3gica do munic\u00edpio, n\u00e3o h\u00e1 ocorr\u00eancia de casos em caninos e felinos desde 1998, devido \u00e0s constantes e efetivas campanhas de vacina\u00e7\u00e3o realizadas pela Secretaria de Sa\u00fade, anualmente.<\/p>\n<p>Por\u00e9m, t\u00eam sido confirmados casos de raiva em bovinos e equ\u00eddeos nos \u00faltimos anos em Juiz de Fora, mostrando a circula\u00e7\u00e3o viral no munic\u00edpio e a import\u00e2ncia da vacina\u00e7\u00e3o, que \u00e9 a principal maneira de prevenir o aparecimento da doen\u00e7a.<\/p>\n<p>&nbsp;<\/p>\n<p>Fonte: Assessoria PJF<\/p>\n","protected":false},"excerpt":{"rendered":"<p>Donos de c\u00e3es e gatos a partir de tr\u00eas meses de idade devem lev\u00e1-los para vacinar no s\u00e1bado, 1\u00ba de setembro, em um dos 106 postos de vacina\u00e7\u00e3o oferecidos pelo Setor de Zoonoses do Departamento de Vigil\u00e2ncia Epidemiol\u00f3gica e Ambiental (Dvea) da Secretaria de Sa\u00fade (SS). O Minist\u00e9rio da Sa\u00fade recomenda uma dose anual da [&hellip;]<\/p>\n","protected":false},"author":96,"featured_media":116835,"comment_status":"closed","ping_status":"closed","sticky":false,"template":"","format":"standard","meta":{"footnotes":""},"categories":[253,439],"tags":[],"class_list":["post-116834","post","type-post","status-publish","format-standard","has-post-thumbnail","hentry","category-cidade","category-ultima-hora"],"_links":{"self":[{"href":"https:\/\/diarioregionaldigital.com.br\/index.php?rest_route=\/wp\/v2\/posts\/116834","targetHints":{"allow":["GET"]}}],"collection":[{"href":"https:\/\/diarioregionaldigital.com.br\/index.php?rest_route=\/wp\/v2\/posts"}],"about":[{"href":"https:\/\/diarioregionaldigital.com.br\/index.php?rest_route=\/wp\/v2\/types\/post"}],"author":[{"embeddable":true,"href":"https:\/\/diarioregionaldigital.com.br\/index.php?rest_route=\/wp\/v2\/users\/96"}],"replies":[{"embeddable":true,"href":"https:\/\/diarioregionaldigital.com.br\/index.php?rest_route=%2Fwp%2Fv2%2Fcomments&post=116834"}],"version-history":[{"count":0,"href":"https:\/\/diarioregionaldigital.com.br\/index.php?rest_route=\/wp\/v2\/posts\/116834\/revisions"}],"wp:featuredmedia":[{"embeddable":true,"href":"https:\/\/diarioregionaldigital.com.br\/index.php?rest_route=\/wp\/v2\/media\/116835"}],"wp:attachment":[{"href":"https:\/\/diarioregionaldigital.com.br\/index.php?rest_route=%2Fwp%2Fv2%2Fmedia&parent=116834"}],"wp:term":[{"taxonomy":"category","embeddable":true,"href":"https:\/\/diarioregionaldigital.com.br\/index.php?rest_route=%2Fwp%2Fv2%2Fcategories&post=116834"},{"taxonomy":"post_tag","embeddable":true,"href":"https:\/\/diarioregionaldigital.com.br\/index.php?rest_route=%2Fwp%2Fv2%2Ftags&post=116834"}],"curies":[{"name":"wp","href":"https:\/\/api.w.org\/{rel}","templated":true}]}}