{"id":116831,"date":"2018-08-28T14:42:49","date_gmt":"2018-08-28T17:42:49","guid":{"rendered":"https:\/\/diarioregionaldigital.com.br\/?p=116831"},"modified":"2018-08-28T14:42:49","modified_gmt":"2018-08-28T17:42:49","slug":"prefeitura-realiza-curso-de-gestantes-adolescentes-nesta-quarta-feira","status":"publish","type":"post","link":"https:\/\/diarioregionaldigital.com.br\/?p=116831","title":{"rendered":"Prefeitura realiza \u201cCurso de Gestantes Adolescentes\u201d  nesta quarta-feira"},"content":{"rendered":"<p>As gestantes com at\u00e9 20 anos que estejam fazendo pr\u00e9-natal nas unidades b\u00e1sicas de Sa\u00fade (UBSs) podem se inscrever no Curso de Gestantes oferecido pelo Servi\u00e7o de Aten\u00e7\u00e3o \u00e0 Sa\u00fade da Crian\u00e7a e do Adolescente (Sasad) do Departamento de Sa\u00fade da Crian\u00e7a e do Adolescente (DSCA). A atividade ser\u00e1 ministrada toda \u00faltima quarta-feira do m\u00eas, na Rua S\u00e3o Sebasti\u00e3o, 772, 4\u00ba andar, Centro. Al\u00e9m disso, o departamento recebe doa\u00e7\u00f5es para compor o enxoval das mam\u00e3es. Nesta quarta-feira, 29, o workshop ter\u00e1 in\u00edcio \u00e0s 10 horas.<\/p>\n<p>Segundo a coordenadora do Sasad, Eriane Pimenta, ser\u00e3o disponibilizadas 15 vagas por m\u00eas: \u201cAs mam\u00e3es tamb\u00e9m ganhar\u00e3o brindes para compor o enxoval. Pensamos nisso a partir do relato das obstetras, que, ao acompanharem as gestantes, perceberam que elas chegam no final da gravidez sem a maioria dos itens necess\u00e1rios para a chegada do beb\u00ea\u201d.<\/p>\n<p>Al\u00e9m disso, todo m\u00eas haver\u00e1 uma tem\u00e1tica diferente a ser abordada, mas todos os assuntos ser\u00e3o relacionados \u00e0 sa\u00fade da m\u00e3e e do beb\u00ea, como a personalidade da crian\u00e7a, que vai sendo formada desde a gravidez, a partir do que ela ouve. O paladar tamb\u00e9m \u00e9 formado a partir do que a m\u00e3e se alimenta, dentre outros cuidados, como amamenta\u00e7\u00e3o, por exemplo.<\/p>\n<p>As vagas s\u00e3o limitadas, portanto, as interessadas dever\u00e3o realizar cadastro no Sasad, atrav\u00e9s do telefone 3690-7171. Todos que quiserem doar fraldas, roupinhas, brinquedos, carrinhos de beb\u00ea, ou qualquer outro acess\u00f3rio, tamb\u00e9m podem entrar em contato neste telefone.<\/p>\n<p>&nbsp;<\/p>\n<p>Fonte: Assessoria PJF<\/p>\n","protected":false},"excerpt":{"rendered":"<p>As gestantes com at\u00e9 20 anos que estejam fazendo pr\u00e9-natal nas unidades b\u00e1sicas de Sa\u00fade (UBSs) podem se inscrever no Curso de Gestantes oferecido pelo Servi\u00e7o de Aten\u00e7\u00e3o \u00e0 Sa\u00fade da Crian\u00e7a e do Adolescente (Sasad) do Departamento de Sa\u00fade da Crian\u00e7a e do Adolescente (DSCA). A atividade ser\u00e1 ministrada toda \u00faltima quarta-feira do m\u00eas, [&hellip;]<\/p>\n","protected":false},"author":96,"featured_media":116832,"comment_status":"closed","ping_status":"closed","sticky":false,"template":"","format":"standard","meta":{"footnotes":""},"categories":[253,439],"tags":[],"class_list":["post-116831","post","type-post","status-publish","format-standard","has-post-thumbnail","hentry","category-cidade","category-ultima-hora"],"_links":{"self":[{"href":"https:\/\/diarioregionaldigital.com.br\/index.php?rest_route=\/wp\/v2\/posts\/116831","targetHints":{"allow":["GET"]}}],"collection":[{"href":"https:\/\/diarioregionaldigital.com.br\/index.php?rest_route=\/wp\/v2\/posts"}],"about":[{"href":"https:\/\/diarioregionaldigital.com.br\/index.php?rest_route=\/wp\/v2\/types\/post"}],"author":[{"embeddable":true,"href":"https:\/\/diarioregionaldigital.com.br\/index.php?rest_route=\/wp\/v2\/users\/96"}],"replies":[{"embeddable":true,"href":"https:\/\/diarioregionaldigital.com.br\/index.php?rest_route=%2Fwp%2Fv2%2Fcomments&post=116831"}],"version-history":[{"count":0,"href":"https:\/\/diarioregionaldigital.com.br\/index.php?rest_route=\/wp\/v2\/posts\/116831\/revisions"}],"wp:featuredmedia":[{"embeddable":true,"href":"https:\/\/diarioregionaldigital.com.br\/index.php?rest_route=\/wp\/v2\/media\/116832"}],"wp:attachment":[{"href":"https:\/\/diarioregionaldigital.com.br\/index.php?rest_route=%2Fwp%2Fv2%2Fmedia&parent=116831"}],"wp:term":[{"taxonomy":"category","embeddable":true,"href":"https:\/\/diarioregionaldigital.com.br\/index.php?rest_route=%2Fwp%2Fv2%2Fcategories&post=116831"},{"taxonomy":"post_tag","embeddable":true,"href":"https:\/\/diarioregionaldigital.com.br\/index.php?rest_route=%2Fwp%2Fv2%2Ftags&post=116831"}],"curies":[{"name":"wp","href":"https:\/\/api.w.org\/{rel}","templated":true}]}}