{"id":116825,"date":"2018-08-28T14:07:41","date_gmt":"2018-08-28T17:07:41","guid":{"rendered":"https:\/\/diarioregionaldigital.com.br\/?p=116825"},"modified":"2018-08-28T14:07:41","modified_gmt":"2018-08-28T17:07:41","slug":"correios-passam-a-cobrar-despacho-postal-em-encomendas-internacionais","status":"publish","type":"post","link":"https:\/\/diarioregionaldigital.com.br\/?p=116825","title":{"rendered":"Correios passam a cobrar despacho postal em encomendas internacionais"},"content":{"rendered":"<p>Todas as encomendas internacionais que chegarem ao Brasil pelos Correios estar\u00e3o sujeitas \u00e0 cobran\u00e7a do despacho postal, no valor de R$ 15.<\/p>\n<p>Nos \u00faltimos anos, o servi\u00e7o era cobrado apenas para os objetos tributados pela Receita Federal. \u201cPor\u00e9m, com o aumento das importa\u00e7\u00f5es, a empresa precisou injetar mais recursos na opera\u00e7\u00e3o para manter o padr\u00e3o do servi\u00e7o\u201d, informou os Correios, em nota.<\/p>\n<p>Segundo a empresa, o\u00a0valor cobrado, de R$ 15, \u00e9 quatro vezes menor que a m\u00e9dia praticada por outros operadores log\u00edsticos para realizar procedimentos similares.<\/p>\n<p>O despacho postal, entretanto, n\u00e3o deve ser confundido com tributo ou frete. De acordo com os Correios, o servi\u00e7o se refere \u00e0s atividades de suporte ao tratamento aduaneiro realizadas pelo operador postal, como o recebimento dos objetos e inspe\u00e7\u00e3o por raio X, formaliza\u00e7\u00e3o da importa\u00e7\u00e3o no sistema da Receita Federal (quando for o caso), tratamento de eventuais inconformidades (objetos proibidos, perigosos ou com exig\u00eancias espec\u00edficas), recolhimento e repasse dos impostos \u00e0 rastreamento de objetos e realizar o pagamento do despacho postal por meio de boleto ou cart\u00e3o de cr\u00e9dito. O prazo de entrega do objeto, conforme o servi\u00e7o contratado no momento da compra, passa a contar a partir da data da confirma\u00e7\u00e3o do pagamento.<\/p>\n<p>As informa\u00e7\u00f5es e orienta\u00e7\u00f5es sobre os procedimentos Receita Federal (quando houver tributa\u00e7\u00e3o), disponibiliza\u00e7\u00e3o de informa\u00e7\u00f5es ao importador para desembara\u00e7o da remessa via internet, entre outras.<\/p>\n<p>Os destinat\u00e1rios que estiverem aguardando encomendas do exterior devem acessar o sistema de para importa\u00e7\u00e3o est\u00e3o dispon\u00edveis no site dos Correios.<\/p>\n<p>&nbsp;<\/p>\n<p>Fonte: Ag\u00eancia Brasil<\/p>\n","protected":false},"excerpt":{"rendered":"<p>Todas as encomendas internacionais que chegarem ao Brasil pelos Correios estar\u00e3o sujeitas \u00e0 cobran\u00e7a do despacho postal, no valor de R$ 15. Nos \u00faltimos anos, o servi\u00e7o era cobrado apenas para os objetos tributados pela Receita Federal. \u201cPor\u00e9m, com o aumento das importa\u00e7\u00f5es, a empresa precisou injetar mais recursos na opera\u00e7\u00e3o para manter o padr\u00e3o [&hellip;]<\/p>\n","protected":false},"author":96,"featured_media":116826,"comment_status":"closed","ping_status":"closed","sticky":false,"template":"","format":"standard","meta":{"footnotes":""},"categories":[261,439],"tags":[],"class_list":["post-116825","post","type-post","status-publish","format-standard","has-post-thumbnail","hentry","category-economia","category-ultima-hora"],"_links":{"self":[{"href":"https:\/\/diarioregionaldigital.com.br\/index.php?rest_route=\/wp\/v2\/posts\/116825","targetHints":{"allow":["GET"]}}],"collection":[{"href":"https:\/\/diarioregionaldigital.com.br\/index.php?rest_route=\/wp\/v2\/posts"}],"about":[{"href":"https:\/\/diarioregionaldigital.com.br\/index.php?rest_route=\/wp\/v2\/types\/post"}],"author":[{"embeddable":true,"href":"https:\/\/diarioregionaldigital.com.br\/index.php?rest_route=\/wp\/v2\/users\/96"}],"replies":[{"embeddable":true,"href":"https:\/\/diarioregionaldigital.com.br\/index.php?rest_route=%2Fwp%2Fv2%2Fcomments&post=116825"}],"version-history":[{"count":0,"href":"https:\/\/diarioregionaldigital.com.br\/index.php?rest_route=\/wp\/v2\/posts\/116825\/revisions"}],"wp:featuredmedia":[{"embeddable":true,"href":"https:\/\/diarioregionaldigital.com.br\/index.php?rest_route=\/wp\/v2\/media\/116826"}],"wp:attachment":[{"href":"https:\/\/diarioregionaldigital.com.br\/index.php?rest_route=%2Fwp%2Fv2%2Fmedia&parent=116825"}],"wp:term":[{"taxonomy":"category","embeddable":true,"href":"https:\/\/diarioregionaldigital.com.br\/index.php?rest_route=%2Fwp%2Fv2%2Fcategories&post=116825"},{"taxonomy":"post_tag","embeddable":true,"href":"https:\/\/diarioregionaldigital.com.br\/index.php?rest_route=%2Fwp%2Fv2%2Ftags&post=116825"}],"curies":[{"name":"wp","href":"https:\/\/api.w.org\/{rel}","templated":true}]}}