{"id":116808,"date":"2018-08-28T12:05:36","date_gmt":"2018-08-28T15:05:36","guid":{"rendered":"https:\/\/diarioregionaldigital.com.br\/?p=116808"},"modified":"2018-08-28T12:05:36","modified_gmt":"2018-08-28T15:05:36","slug":"pagamento-da-taxa-do-pism-deve-ser-feito-ate-esta-terca-2","status":"publish","type":"post","link":"https:\/\/diarioregionaldigital.com.br\/?p=116808","title":{"rendered":"Pagamento da taxa do Pism deve ser feito at\u00e9 esta ter\u00e7a"},"content":{"rendered":"<p>Termina nesta ter\u00e7a-feira, 28, o prazo para o pagamento da Guia de Recolhimento da Uni\u00e3o (GRU) referente \u00e0s inscri\u00e7\u00f5es do Programa de Ingresso Seletivo Misto (Pism) 2019 e do Vestibular de M\u00fasica. Para gerar o boleto, os participantes devem acessar a \u00c1rea do Candidato e clicar no bot\u00e3o \u201cImprimir Documento Banc\u00e1rio\u201d, no final da p\u00e1gina.<\/p>\n<p>A GRU correspondente ao valor de R$ 120, deve ser paga exclusivamente no Banco do Brasil at\u00e9 as 20h do dia 28. Os candidatos precisam estar atentos aos prazos, uma vez que, de acordo com o edital, pagamentos realizados depois do hor\u00e1rio indicado ser\u00e3o desconsiderados. Agendamentos banc\u00e1rios n\u00e3o transformados em pagamentos at\u00e9 as 20h tamb\u00e9m n\u00e3o ser\u00e3o contabilizados.<\/p>\n<p>Os participantes que tiveram seu pedido de isen\u00e7\u00e3o indeferido, ou seja, aqueles que n\u00e3o conseguiram a isen\u00e7\u00e3o, tamb\u00e9m devem efetuar o pagamento da GRU dentro do\u00a0prazo estabelecido.<\/p>\n<p><b>Dados cadastrais e inscri\u00e7\u00e3o<\/b><\/p>\n<p>As inscri\u00e7\u00f5es para o Pism 2019 devem ser feitas exclusivamente on-line at\u00e9 as 18h desta segunda, 27, na \u00c1rea do Candidato. Os participantes precisam estar atentos aos documentos necess\u00e1rios, uma vez que o edital obriga, por exemplo, o uso do CPF e o fornecimento de um e-mail v\u00e1lido e ativo.<\/p>\n<p>At\u00e9 essa data, os candidatos podem alterar dados cadastrais e pessoais, mesmo depois do pagamento da GRU. \u00c9 poss\u00edvel mudar informa\u00e7\u00f5es como grupo de cotas, curso desejado, necessidade ou n\u00e3o de atendimento especial e cidade escolhida para fazer a prova. Dados pessoais como CPF, nome, data de nascimento e e-mail tamb\u00e9m podem ser alterados.<\/p>\n<p>Esta segunda-feira tamb\u00e9m \u00e9 o prazo limite para a solicita\u00e7\u00e3o do uso de nome social. Para isso, \u00e9 necess\u00e1rio que o candidato, durante a realiza\u00e7\u00e3o de sua inscri\u00e7\u00e3o, marque os campos e submeta c\u00f3pia digitalizada e devidamente preenchida do formul\u00e1rio pr\u00f3prio disponibilizado no site da Copese, at\u00e9 as 18h do dia 27 de agosto, para an\u00e1lise e deferimento. De acordo com o edital, caso o candidato seja menor de 18 anos o formul\u00e1rio dever\u00e1 conter a assinatura dos pais ou respons\u00e1vel, juntamente com uma c\u00f3pia do documento de identidade do respons\u00e1vel.<\/p>\n<p><b>Comprovante definitivo<\/b><\/p>\n<p>O comprovante definitivo de inscri\u00e7\u00e3o, prova do deferimento e efetiva\u00e7\u00e3o da inscri\u00e7\u00e3o em quaisquer dos m\u00f3dulos, deve ser impresso pelo candidato a partir das 15h do dia 20 de novembro at\u00e9 as 12h do dia 1\u00ba de dezembro, no site da Copese. Em nenhuma hip\u00f3tese esse comprovante definitivo ser\u00e1 enviado particularmente ao candidato, seja qual for o meio (Correios, e- mail, etc).<\/p>\n<p>&nbsp;<\/p>\n<p>Fonte: Assessoria UFJF<\/p>\n","protected":false},"excerpt":{"rendered":"<p>Termina nesta ter\u00e7a-feira, 28, o prazo para o pagamento da Guia de Recolhimento da Uni\u00e3o (GRU) referente \u00e0s inscri\u00e7\u00f5es do Programa de Ingresso Seletivo Misto (Pism) 2019 e do Vestibular de M\u00fasica. Para gerar o boleto, os participantes devem acessar a \u00c1rea do Candidato e clicar no bot\u00e3o \u201cImprimir Documento Banc\u00e1rio\u201d, no final da p\u00e1gina. [&hellip;]<\/p>\n","protected":false},"author":96,"featured_media":116809,"comment_status":"closed","ping_status":"closed","sticky":false,"template":"","format":"standard","meta":{"footnotes":""},"categories":[253,440,439],"tags":[],"class_list":["post-116808","post","type-post","status-publish","format-standard","has-post-thumbnail","hentry","category-cidade","category-destaques-do-dia","category-ultima-hora"],"_links":{"self":[{"href":"https:\/\/diarioregionaldigital.com.br\/index.php?rest_route=\/wp\/v2\/posts\/116808","targetHints":{"allow":["GET"]}}],"collection":[{"href":"https:\/\/diarioregionaldigital.com.br\/index.php?rest_route=\/wp\/v2\/posts"}],"about":[{"href":"https:\/\/diarioregionaldigital.com.br\/index.php?rest_route=\/wp\/v2\/types\/post"}],"author":[{"embeddable":true,"href":"https:\/\/diarioregionaldigital.com.br\/index.php?rest_route=\/wp\/v2\/users\/96"}],"replies":[{"embeddable":true,"href":"https:\/\/diarioregionaldigital.com.br\/index.php?rest_route=%2Fwp%2Fv2%2Fcomments&post=116808"}],"version-history":[{"count":0,"href":"https:\/\/diarioregionaldigital.com.br\/index.php?rest_route=\/wp\/v2\/posts\/116808\/revisions"}],"wp:featuredmedia":[{"embeddable":true,"href":"https:\/\/diarioregionaldigital.com.br\/index.php?rest_route=\/wp\/v2\/media\/116809"}],"wp:attachment":[{"href":"https:\/\/diarioregionaldigital.com.br\/index.php?rest_route=%2Fwp%2Fv2%2Fmedia&parent=116808"}],"wp:term":[{"taxonomy":"category","embeddable":true,"href":"https:\/\/diarioregionaldigital.com.br\/index.php?rest_route=%2Fwp%2Fv2%2Fcategories&post=116808"},{"taxonomy":"post_tag","embeddable":true,"href":"https:\/\/diarioregionaldigital.com.br\/index.php?rest_route=%2Fwp%2Fv2%2Ftags&post=116808"}],"curies":[{"name":"wp","href":"https:\/\/api.w.org\/{rel}","templated":true}]}}