{"id":116799,"date":"2018-08-28T11:33:08","date_gmt":"2018-08-28T14:33:08","guid":{"rendered":"https:\/\/diarioregionaldigital.com.br\/?p=116799"},"modified":"2018-08-28T11:52:13","modified_gmt":"2018-08-28T14:52:13","slug":"acidente-entre-carro-e-caminhao-faz-uma-vitima-fatal-proximo-a-mirai","status":"publish","type":"post","link":"https:\/\/diarioregionaldigital.com.br\/?p=116799","title":{"rendered":"Acidente entre carro e caminh\u00e3o faz uma v\u00edtima fatal pr\u00f3ximo a Mira\u00ed"},"content":{"rendered":"<p>Um acidente envolvendo um ve\u00edculo de passeio e um caminh\u00e3o, na MG-447, estrada que liga Cataguases a Mira\u00ed, pr\u00f3ximo a Fazenda Cachoeirinha, ocorrido por volta das 15 horas desta segunda-feira, 27, tirou a vida do cataguasense, de 57 anos. Ele era funcion\u00e1rio da Companhia Manufatora de Tecidos de Algod\u00e3o em Cataguases, durante muitos anos, e atualmente trabalhava na ind\u00fastria Papi T\u00eaxtil, em Mira\u00ed. Ele deixa dois filhos e sua mulher, conhecida em Cataguases por promover um dos mais tradicionais bailes estilo &#8220;Anos 80&#8221; da regi\u00e3o.<\/p>\n<p>Segundo a Pol\u00edcia Militar, que chegou ao local para dar o primeiro atendimento at\u00e9 a chegada da Pol\u00edcia Militar Rodovi\u00e1ria de Dona Euz\u00e9bia (PMR), a principal hip\u00f3tese para a causa do acidente \u00e9 que a v\u00edtima passou mal ao volante, chegando at\u00e9 vomitar em decorr\u00eancia de um prov\u00e1vel mal s\u00fabito. Ele conduzia um Ford Fiesta Sedan, prata, placa de Cataguases, sentido Mira\u00ed. De acordo ainda com as primeiras informa\u00e7\u00f5es dos militares, acredita-se que por causa do problema de sa\u00fade ele saiu de sua m\u00e3o de dire\u00e7\u00e3o, entrou na faixa oposta indo at\u00e9 a grama do outro lado da pista de rolamento.<\/p>\n<p>Um\u00a0 caminh\u00e3o, com placa de Governador Valadares\/MG, vinha em sentido contr\u00e1rio, e seu condutor viu o Fiesta entrar na contram\u00e3o e, para evitar a colis\u00e3o, foi tamb\u00e9m para a contram\u00e3o. Quando os dois ve\u00edculos se aproximavam o Ford Fiesta retornou para a sua m\u00e3o de dire\u00e7\u00e3o sem tempo do caminh\u00e3o fazer a mesma manobra ocasionando o choque frontal. Com o impacto, a v\u00edtima morreu na hora e seu corpo foi retirado posteriormente pelos militares do Corpo de Bombeiros de Muria\u00e9. O motorista do caminh\u00e3o nada sofreu, mas estava em estado de choque. A Per\u00edcia T\u00e9cnica da Pol\u00edcia Civil tamb\u00e9m foi acionada e vai emitir um laudo sobre a prov\u00e1vel causa do acidente. Uma equipe da Pol\u00edcia Militar Rodovi\u00e1ria de Dona Euz\u00e9bia fez o registro da ocorr\u00eancia.<\/p>\n<p>&nbsp;<\/p>\n<p>Fonte: Site Marcelo Lopes<\/p>\n","protected":false},"excerpt":{"rendered":"<p>Um acidente envolvendo um ve\u00edculo de passeio e um caminh\u00e3o, na MG-447, estrada que liga Cataguases a Mira\u00ed, pr\u00f3ximo a Fazenda Cachoeirinha, ocorrido por volta das 15 horas desta segunda-feira, 27, tirou a vida do cataguasense, de 57 anos. Ele era funcion\u00e1rio da Companhia Manufatora de Tecidos de Algod\u00e3o em Cataguases, durante muitos anos, e [&hellip;]<\/p>\n","protected":false},"author":96,"featured_media":116806,"comment_status":"closed","ping_status":"closed","sticky":false,"template":"","format":"standard","meta":{"footnotes":""},"categories":[252,439],"tags":[],"class_list":["post-116799","post","type-post","status-publish","format-standard","has-post-thumbnail","hentry","category-regiao","category-ultima-hora"],"_links":{"self":[{"href":"https:\/\/diarioregionaldigital.com.br\/index.php?rest_route=\/wp\/v2\/posts\/116799","targetHints":{"allow":["GET"]}}],"collection":[{"href":"https:\/\/diarioregionaldigital.com.br\/index.php?rest_route=\/wp\/v2\/posts"}],"about":[{"href":"https:\/\/diarioregionaldigital.com.br\/index.php?rest_route=\/wp\/v2\/types\/post"}],"author":[{"embeddable":true,"href":"https:\/\/diarioregionaldigital.com.br\/index.php?rest_route=\/wp\/v2\/users\/96"}],"replies":[{"embeddable":true,"href":"https:\/\/diarioregionaldigital.com.br\/index.php?rest_route=%2Fwp%2Fv2%2Fcomments&post=116799"}],"version-history":[{"count":0,"href":"https:\/\/diarioregionaldigital.com.br\/index.php?rest_route=\/wp\/v2\/posts\/116799\/revisions"}],"wp:featuredmedia":[{"embeddable":true,"href":"https:\/\/diarioregionaldigital.com.br\/index.php?rest_route=\/wp\/v2\/media\/116806"}],"wp:attachment":[{"href":"https:\/\/diarioregionaldigital.com.br\/index.php?rest_route=%2Fwp%2Fv2%2Fmedia&parent=116799"}],"wp:term":[{"taxonomy":"category","embeddable":true,"href":"https:\/\/diarioregionaldigital.com.br\/index.php?rest_route=%2Fwp%2Fv2%2Fcategories&post=116799"},{"taxonomy":"post_tag","embeddable":true,"href":"https:\/\/diarioregionaldigital.com.br\/index.php?rest_route=%2Fwp%2Fv2%2Ftags&post=116799"}],"curies":[{"name":"wp","href":"https:\/\/api.w.org\/{rel}","templated":true}]}}