{"id":116795,"date":"2018-08-28T09:49:17","date_gmt":"2018-08-28T12:49:17","guid":{"rendered":"https:\/\/diarioregionaldigital.com.br\/?p=116795"},"modified":"2018-08-28T09:50:17","modified_gmt":"2018-08-28T12:50:17","slug":"detento-foge-durante-trabalho-comunitario-para-reducao-de-pena","status":"publish","type":"post","link":"https:\/\/diarioregionaldigital.com.br\/?p=116795","title":{"rendered":"Detento foge durante trabalho comunit\u00e1rio para redu\u00e7\u00e3o de pena"},"content":{"rendered":"<p>Na tarde dessa segunda-feira, 27, um detento, de 26 anos, fugiu enquanto prestava servi\u00e7o de capina, no bairro Nova Benfica, regi\u00e3o Norte de Juiz de Fora.\u00a0 De acordo com o agente penitenci\u00e1rio que vigiava os presidi\u00e1rios que faziam o trabalho na Rua Henrique Dias, o preso pediu permiss\u00e3o para ir ao banheiro e n\u00e3o voltou mais.<\/p>\n<p>Ao perceber o sumi\u00e7o do homem, o agente procurou o \u00a027\u00ba Batalh\u00e3o, localizado no Bairro Santa L\u00facia, tamb\u00e9m na zona Norte, para fazer o registro. Foram feitas buscas na regi\u00e3o na tentativa de encontrar o fugitivo, mas sem \u00eaxito.<\/p>\n<p>A Pol\u00edcia Militar n\u00e3o informou em qual unidade prisional ele cumpria pena.<\/p>\n","protected":false},"excerpt":{"rendered":"<p>Na tarde dessa segunda-feira, 27, um detento, de 26 anos, fugiu enquanto prestava servi\u00e7o de capina, no bairro Nova Benfica, regi\u00e3o Norte de Juiz de Fora.\u00a0 De acordo com o agente penitenci\u00e1rio que vigiava os presidi\u00e1rios que faziam o trabalho na Rua Henrique Dias, o preso pediu permiss\u00e3o para ir ao banheiro e n\u00e3o voltou [&hellip;]<\/p>\n","protected":false},"author":96,"featured_media":95836,"comment_status":"closed","ping_status":"closed","sticky":false,"template":"","format":"standard","meta":{"footnotes":""},"categories":[301],"tags":[],"class_list":["post-116795","post","type-post","status-publish","format-standard","has-post-thumbnail","hentry","category-artigos-policiais"],"_links":{"self":[{"href":"https:\/\/diarioregionaldigital.com.br\/index.php?rest_route=\/wp\/v2\/posts\/116795","targetHints":{"allow":["GET"]}}],"collection":[{"href":"https:\/\/diarioregionaldigital.com.br\/index.php?rest_route=\/wp\/v2\/posts"}],"about":[{"href":"https:\/\/diarioregionaldigital.com.br\/index.php?rest_route=\/wp\/v2\/types\/post"}],"author":[{"embeddable":true,"href":"https:\/\/diarioregionaldigital.com.br\/index.php?rest_route=\/wp\/v2\/users\/96"}],"replies":[{"embeddable":true,"href":"https:\/\/diarioregionaldigital.com.br\/index.php?rest_route=%2Fwp%2Fv2%2Fcomments&post=116795"}],"version-history":[{"count":0,"href":"https:\/\/diarioregionaldigital.com.br\/index.php?rest_route=\/wp\/v2\/posts\/116795\/revisions"}],"wp:featuredmedia":[{"embeddable":true,"href":"https:\/\/diarioregionaldigital.com.br\/index.php?rest_route=\/wp\/v2\/media\/95836"}],"wp:attachment":[{"href":"https:\/\/diarioregionaldigital.com.br\/index.php?rest_route=%2Fwp%2Fv2%2Fmedia&parent=116795"}],"wp:term":[{"taxonomy":"category","embeddable":true,"href":"https:\/\/diarioregionaldigital.com.br\/index.php?rest_route=%2Fwp%2Fv2%2Fcategories&post=116795"},{"taxonomy":"post_tag","embeddable":true,"href":"https:\/\/diarioregionaldigital.com.br\/index.php?rest_route=%2Fwp%2Fv2%2Ftags&post=116795"}],"curies":[{"name":"wp","href":"https:\/\/api.w.org\/{rel}","templated":true}]}}