{"id":116793,"date":"2018-08-28T07:49:29","date_gmt":"2018-08-28T10:49:29","guid":{"rendered":"https:\/\/diarioregionaldigital.com.br\/?p=116793"},"modified":"2018-08-28T07:49:29","modified_gmt":"2018-08-28T10:49:29","slug":"homens-assaltam-mulher-no-bairro-sao-mateus","status":"publish","type":"post","link":"https:\/\/diarioregionaldigital.com.br\/?p=116793","title":{"rendered":"Homens assaltam mulher no bairro S\u00e3o Mateus"},"content":{"rendered":"<p>Dois assaltantes abordaram uma mulher, de 50 anos, na manh\u00e3 dessa segunda-feira, 27, no bairro S\u00e3o Mateus, zona Sul de Juiz de Fora. Segundo o registro de ocorr\u00eancia feito pela Pol\u00edcia Militar, por volta das 7h30, a moradora do bairro passava pela rua Jo\u00e3o Henrique Dielli quando foi surpreendida por dois homens. De acordo com a v\u00edtima, um deles encostou um objeto pontiagudo nas costas dela, fazendo com que ela soltasse a bolsa que estava carregando e a entregasse a ele.<\/p>\n<p>Ap\u00f3s o roubo, os autores fugiram e n\u00e3o foram encontrados pelos policiais.<\/p>\n","protected":false},"excerpt":{"rendered":"<p>Dois assaltantes abordaram uma mulher, de 50 anos, na manh\u00e3 dessa segunda-feira, 27, no bairro S\u00e3o Mateus, zona Sul de Juiz de Fora. Segundo o registro de ocorr\u00eancia feito pela Pol\u00edcia Militar, por volta das 7h30, a moradora do bairro passava pela rua Jo\u00e3o Henrique Dielli quando foi surpreendida por dois homens. De acordo com [&hellip;]<\/p>\n","protected":false},"author":96,"featured_media":97342,"comment_status":"closed","ping_status":"closed","sticky":false,"template":"","format":"standard","meta":{"footnotes":""},"categories":[301],"tags":[],"class_list":["post-116793","post","type-post","status-publish","format-standard","has-post-thumbnail","hentry","category-artigos-policiais"],"_links":{"self":[{"href":"https:\/\/diarioregionaldigital.com.br\/index.php?rest_route=\/wp\/v2\/posts\/116793","targetHints":{"allow":["GET"]}}],"collection":[{"href":"https:\/\/diarioregionaldigital.com.br\/index.php?rest_route=\/wp\/v2\/posts"}],"about":[{"href":"https:\/\/diarioregionaldigital.com.br\/index.php?rest_route=\/wp\/v2\/types\/post"}],"author":[{"embeddable":true,"href":"https:\/\/diarioregionaldigital.com.br\/index.php?rest_route=\/wp\/v2\/users\/96"}],"replies":[{"embeddable":true,"href":"https:\/\/diarioregionaldigital.com.br\/index.php?rest_route=%2Fwp%2Fv2%2Fcomments&post=116793"}],"version-history":[{"count":0,"href":"https:\/\/diarioregionaldigital.com.br\/index.php?rest_route=\/wp\/v2\/posts\/116793\/revisions"}],"wp:featuredmedia":[{"embeddable":true,"href":"https:\/\/diarioregionaldigital.com.br\/index.php?rest_route=\/wp\/v2\/media\/97342"}],"wp:attachment":[{"href":"https:\/\/diarioregionaldigital.com.br\/index.php?rest_route=%2Fwp%2Fv2%2Fmedia&parent=116793"}],"wp:term":[{"taxonomy":"category","embeddable":true,"href":"https:\/\/diarioregionaldigital.com.br\/index.php?rest_route=%2Fwp%2Fv2%2Fcategories&post=116793"},{"taxonomy":"post_tag","embeddable":true,"href":"https:\/\/diarioregionaldigital.com.br\/index.php?rest_route=%2Fwp%2Fv2%2Ftags&post=116793"}],"curies":[{"name":"wp","href":"https:\/\/api.w.org\/{rel}","templated":true}]}}