{"id":116791,"date":"2018-08-28T07:47:48","date_gmt":"2018-08-28T10:47:48","guid":{"rendered":"https:\/\/diarioregionaldigital.com.br\/?p=116791"},"modified":"2018-08-28T07:47:48","modified_gmt":"2018-08-28T10:47:48","slug":"padaria-no-bairro-sao-judas-e-alvo-de-assalto","status":"publish","type":"post","link":"https:\/\/diarioregionaldigital.com.br\/?p=116791","title":{"rendered":"Padaria no bairro S\u00e3o Judas \u00e9 alvo de assalto"},"content":{"rendered":"<p>Na manh\u00e3 dessa segunda-feira, 27, uma funcion\u00e1ria de uma padaria no bairro S\u00e3o Judas, zona Norte de Juiz de Fora, foi surpreendida por um assaltante. Era por volta de 10h, quando o homem entrou no estabelecimento comercial, que fica na Rua Monsenhor Francisco de Paula Salgado, simulando estar armado e anunciou o assalto.<\/p>\n<p>O autor conseguiu roubar do caixa da padaria R$400. Ap\u00f3s o crime, ele fugiu. A Pol\u00edcia Militar chegou a realizar um rastreamento na regi\u00e3o, mas ningu\u00e9m foi encontrado.<\/p>\n","protected":false},"excerpt":{"rendered":"<p>Na manh\u00e3 dessa segunda-feira, 27, uma funcion\u00e1ria de uma padaria no bairro S\u00e3o Judas, zona Norte de Juiz de Fora, foi surpreendida por um assaltante. Era por volta de 10h, quando o homem entrou no estabelecimento comercial, que fica na Rua Monsenhor Francisco de Paula Salgado, simulando estar armado e anunciou o assalto. O autor [&hellip;]<\/p>\n","protected":false},"author":96,"featured_media":95836,"comment_status":"closed","ping_status":"closed","sticky":false,"template":"","format":"standard","meta":{"footnotes":""},"categories":[301],"tags":[],"class_list":["post-116791","post","type-post","status-publish","format-standard","has-post-thumbnail","hentry","category-artigos-policiais"],"_links":{"self":[{"href":"https:\/\/diarioregionaldigital.com.br\/index.php?rest_route=\/wp\/v2\/posts\/116791","targetHints":{"allow":["GET"]}}],"collection":[{"href":"https:\/\/diarioregionaldigital.com.br\/index.php?rest_route=\/wp\/v2\/posts"}],"about":[{"href":"https:\/\/diarioregionaldigital.com.br\/index.php?rest_route=\/wp\/v2\/types\/post"}],"author":[{"embeddable":true,"href":"https:\/\/diarioregionaldigital.com.br\/index.php?rest_route=\/wp\/v2\/users\/96"}],"replies":[{"embeddable":true,"href":"https:\/\/diarioregionaldigital.com.br\/index.php?rest_route=%2Fwp%2Fv2%2Fcomments&post=116791"}],"version-history":[{"count":0,"href":"https:\/\/diarioregionaldigital.com.br\/index.php?rest_route=\/wp\/v2\/posts\/116791\/revisions"}],"wp:featuredmedia":[{"embeddable":true,"href":"https:\/\/diarioregionaldigital.com.br\/index.php?rest_route=\/wp\/v2\/media\/95836"}],"wp:attachment":[{"href":"https:\/\/diarioregionaldigital.com.br\/index.php?rest_route=%2Fwp%2Fv2%2Fmedia&parent=116791"}],"wp:term":[{"taxonomy":"category","embeddable":true,"href":"https:\/\/diarioregionaldigital.com.br\/index.php?rest_route=%2Fwp%2Fv2%2Fcategories&post=116791"},{"taxonomy":"post_tag","embeddable":true,"href":"https:\/\/diarioregionaldigital.com.br\/index.php?rest_route=%2Fwp%2Fv2%2Ftags&post=116791"}],"curies":[{"name":"wp","href":"https:\/\/api.w.org\/{rel}","templated":true}]}}