{"id":116789,"date":"2018-08-28T07:46:34","date_gmt":"2018-08-28T10:46:34","guid":{"rendered":"https:\/\/diarioregionaldigital.com.br\/?p=116789"},"modified":"2018-08-28T07:46:34","modified_gmt":"2018-08-28T10:46:34","slug":"homem-rouba-dinheiro-e-celular-de-taxista-no-bairro-vila-alpina","status":"publish","type":"post","link":"https:\/\/diarioregionaldigital.com.br\/?p=116789","title":{"rendered":"Homem rouba dinheiro e celular de taxista no bairro Vila Alpina"},"content":{"rendered":"<p>Nessa segunda-feira, 27, a Pol\u00edcia Militar (PM) registrou um assalto na Rua Eurico Viana, no bairro Vila Alpina, na zona Leste de Juiz de Fora. De acordo com o registro de ocorr\u00eancia da PM, um taxista, de 27 anos, foi at\u00e9 o local, por volta de 23h, para atender uma corrida quando foi surpreendido por um homem armado com uma faca. O autor anunciou o roubo e levou R$150 e um celular da v\u00edtima.<\/p>\n<p>Ap\u00f3s o crime, o indiv\u00edduo fugiu e, mesmo com o rastreamento dos policiais na \u00e1rea, n\u00e3o foi encontrado.<\/p>\n","protected":false},"excerpt":{"rendered":"<p>Nessa segunda-feira, 27, a Pol\u00edcia Militar (PM) registrou um assalto na Rua Eurico Viana, no bairro Vila Alpina, na zona Leste de Juiz de Fora. De acordo com o registro de ocorr\u00eancia da PM, um taxista, de 27 anos, foi at\u00e9 o local, por volta de 23h, para atender uma corrida quando foi surpreendido por [&hellip;]<\/p>\n","protected":false},"author":96,"featured_media":95836,"comment_status":"closed","ping_status":"closed","sticky":false,"template":"","format":"standard","meta":{"footnotes":""},"categories":[301],"tags":[],"class_list":["post-116789","post","type-post","status-publish","format-standard","has-post-thumbnail","hentry","category-artigos-policiais"],"_links":{"self":[{"href":"https:\/\/diarioregionaldigital.com.br\/index.php?rest_route=\/wp\/v2\/posts\/116789","targetHints":{"allow":["GET"]}}],"collection":[{"href":"https:\/\/diarioregionaldigital.com.br\/index.php?rest_route=\/wp\/v2\/posts"}],"about":[{"href":"https:\/\/diarioregionaldigital.com.br\/index.php?rest_route=\/wp\/v2\/types\/post"}],"author":[{"embeddable":true,"href":"https:\/\/diarioregionaldigital.com.br\/index.php?rest_route=\/wp\/v2\/users\/96"}],"replies":[{"embeddable":true,"href":"https:\/\/diarioregionaldigital.com.br\/index.php?rest_route=%2Fwp%2Fv2%2Fcomments&post=116789"}],"version-history":[{"count":0,"href":"https:\/\/diarioregionaldigital.com.br\/index.php?rest_route=\/wp\/v2\/posts\/116789\/revisions"}],"wp:featuredmedia":[{"embeddable":true,"href":"https:\/\/diarioregionaldigital.com.br\/index.php?rest_route=\/wp\/v2\/media\/95836"}],"wp:attachment":[{"href":"https:\/\/diarioregionaldigital.com.br\/index.php?rest_route=%2Fwp%2Fv2%2Fmedia&parent=116789"}],"wp:term":[{"taxonomy":"category","embeddable":true,"href":"https:\/\/diarioregionaldigital.com.br\/index.php?rest_route=%2Fwp%2Fv2%2Fcategories&post=116789"},{"taxonomy":"post_tag","embeddable":true,"href":"https:\/\/diarioregionaldigital.com.br\/index.php?rest_route=%2Fwp%2Fv2%2Ftags&post=116789"}],"curies":[{"name":"wp","href":"https:\/\/api.w.org\/{rel}","templated":true}]}}