{"id":116786,"date":"2018-08-27T23:29:32","date_gmt":"2018-08-28T02:29:32","guid":{"rendered":"https:\/\/diarioregionaldigital.com.br\/?p=116786"},"modified":"2018-08-27T23:29:32","modified_gmt":"2018-08-28T02:29:32","slug":"richarlison-esta-convocado-para-a-selecao-brasileira","status":"publish","type":"post","link":"https:\/\/diarioregionaldigital.com.br\/?p=116786","title":{"rendered":"Richarlison est\u00e1 convocado para a Sele\u00e7\u00e3o Brasileira"},"content":{"rendered":"<p>A comiss\u00e3o t\u00e9cnica da Sele\u00e7\u00e3o Brasileira convocou, nesta segunda-feira, 27, o atacante Richarlison, do Everton (Inglaterra). O atleta far\u00e1 parte do grupo que enfrentar\u00e1 os Estados Unidos e El Salvador nos dias 7 e 11 de setembro, respectivamente.<\/p>\n<p>O coordenador de Sele\u00e7\u00f5es da CBF, Edu Gaspar, entrou em contato com o atleta para comunic\u00e1-lo da convoca\u00e7\u00e3o, e com o clube ingl\u00eas para acertar a libera\u00e7\u00e3o do jogador para os pr\u00f3ximos compromissos da Sele\u00e7\u00e3o Brasileira.<\/p>\n<p>Richarlison substituir\u00e1 o atacante Pedro. O atleta do Fluminense sofreu uma les\u00e3o no joelho direito em partida v\u00e1lida pelo Campeonato Brasileiro, contra o Cruzeiro, no \u00faltimo s\u00e1bado (25). Em contato com o departamento m\u00e9dico do Fluminense, Rodrigo Lasmar, m\u00e9dico da Sele\u00e7\u00e3o Brasileira, confirmou o diagn\u00f3stico que impede o jogador de treinar e participar da pr\u00f3xima data FIFA.<\/p>\n<p>&#8211; Ficamos muito chateados com a les\u00e3o do Pedro. Falei com o Fluminense e com o atleta com o objetivo de tranquiliz\u00e1-lo, para que ele tenha uma boa recupera\u00e7\u00e3o, pois, certamente, continuar\u00e1 a ser observado quando voltar a jogar &#8211; disse o coordenador de Sele\u00e7\u00f5es, Edu Gaspar.<\/p>\n<p>A Sele\u00e7\u00e3o Brasileira come\u00e7a a se apresentar em Nova J\u00e9rsei no pr\u00f3ximo domingo, 2, onde far\u00e1 sua prepara\u00e7\u00e3o para o jogo contra os Estados Unidos.<\/p>\n<p><strong>Fonte: CBF<\/strong><\/p>\n","protected":false},"excerpt":{"rendered":"<p>A comiss\u00e3o t\u00e9cnica da Sele\u00e7\u00e3o Brasileira convocou, nesta segunda-feira, 27, o atacante Richarlison, do Everton (Inglaterra). O atleta far\u00e1 parte do grupo que enfrentar\u00e1 os Estados Unidos e El Salvador nos dias 7 e 11 de setembro, respectivamente. O coordenador de Sele\u00e7\u00f5es da CBF, Edu Gaspar, entrou em contato com o atleta para comunic\u00e1-lo da [&hellip;]<\/p>\n","protected":false},"author":96,"featured_media":116787,"comment_status":"closed","ping_status":"closed","sticky":false,"template":"","format":"standard","meta":{"footnotes":""},"categories":[257,439],"tags":[],"class_list":["post-116786","post","type-post","status-publish","format-standard","has-post-thumbnail","hentry","category-esporte","category-ultima-hora"],"_links":{"self":[{"href":"https:\/\/diarioregionaldigital.com.br\/index.php?rest_route=\/wp\/v2\/posts\/116786","targetHints":{"allow":["GET"]}}],"collection":[{"href":"https:\/\/diarioregionaldigital.com.br\/index.php?rest_route=\/wp\/v2\/posts"}],"about":[{"href":"https:\/\/diarioregionaldigital.com.br\/index.php?rest_route=\/wp\/v2\/types\/post"}],"author":[{"embeddable":true,"href":"https:\/\/diarioregionaldigital.com.br\/index.php?rest_route=\/wp\/v2\/users\/96"}],"replies":[{"embeddable":true,"href":"https:\/\/diarioregionaldigital.com.br\/index.php?rest_route=%2Fwp%2Fv2%2Fcomments&post=116786"}],"version-history":[{"count":0,"href":"https:\/\/diarioregionaldigital.com.br\/index.php?rest_route=\/wp\/v2\/posts\/116786\/revisions"}],"wp:featuredmedia":[{"embeddable":true,"href":"https:\/\/diarioregionaldigital.com.br\/index.php?rest_route=\/wp\/v2\/media\/116787"}],"wp:attachment":[{"href":"https:\/\/diarioregionaldigital.com.br\/index.php?rest_route=%2Fwp%2Fv2%2Fmedia&parent=116786"}],"wp:term":[{"taxonomy":"category","embeddable":true,"href":"https:\/\/diarioregionaldigital.com.br\/index.php?rest_route=%2Fwp%2Fv2%2Fcategories&post=116786"},{"taxonomy":"post_tag","embeddable":true,"href":"https:\/\/diarioregionaldigital.com.br\/index.php?rest_route=%2Fwp%2Fv2%2Ftags&post=116786"}],"curies":[{"name":"wp","href":"https:\/\/api.w.org\/{rel}","templated":true}]}}